{"id":78002,"date":"2022-05-09T19:17:52","date_gmt":"2022-05-09T17:17:52","guid":{"rendered":"https:\/\/www.clients.horus-informatique71.fr\/advocnar_backup\/?p=78002"},"modified":"2022-05-09T19:22:56","modified_gmt":"2022-05-09T17:22:56","slug":"ladvocnar-vous-attend-a-la-fete-de-la-nature-a-deuil-dimanche-15-mai","status":"publish","type":"post","link":"https:\/\/www.clients.horus-informatique71.fr\/advocnar_backup\/2022\/05\/ladvocnar-vous-attend-a-la-fete-de-la-nature-a-deuil-dimanche-15-mai\/","title":{"rendered":"L&rsquo;ADVOCNAR vous attend \u00e0 la F\u00eate de la Nature \u00e0 DEUIL dimanche 15 mai"},"content":{"rendered":"\n<div style=\"height:18px\" aria-hidden=\"true\" class=\"wp-block-spacer\"><\/div>\n\n\n\n<h5 class=\"has-text-align-center has-vivid-red-color has-text-color wp-block-heading\" id=\"block-c45a715b-2c26-42ec-a6ec-988145d2554f\">Retrouvez-nous \u00e0 la \u00ab\u00a0F\u00eate de la Nature et de l&rsquo;Environnement\u00a0\u00bb<br>\u00e0 Deuil-la-Barre le dimanche 15 mai 2022, de 10h \u00e0 18h<br>Place des victimes du V2<\/h5>\n\n\n\n<p>Nos responsables vous accueilleront sur le stand de l&rsquo;ADVOCNAR pour \u00e9changer avec vous sur l&rsquo;actualit\u00e9 de l&rsquo;association et nos derni\u00e8res actions : <\/p>\n\n\n\n<ul><li><a href=\"https:\/\/www.clients.horus-informatique71.fr\/advocnar_backup\/2022\/03\/communique-front-commun-des-associations-et-des-elus-contre-un-plan-de-prevention-du-bruit-de-laeroport-de-roissy-juge-desastreux\/\">PPBE de Roissy CDG<\/a>* en cours d&rsquo;adoption bien que contest\u00e9 par les associations et de nombreux \u00e9lus<\/li><li>Actions juridiques gagnantes concernant le Droit de l&rsquo;Environnement et le <a href=\"https:\/\/www.clients.horus-informatique71.fr\/advocnar_backup\/2022\/04\/bruit-aeroports-une-victoire-de-18-associations-au-conseil-detat\/\">respect des textes europ\u00e9ens<\/a><\/li><li><a href=\"https:\/\/www.clients.horus-informatique71.fr\/advocnar_backup\/2022\/03\/soutenez-la-petition-ufcna-sur-le-portail-petitions-du-parlement-europeen\/\">P\u00e9tition europ\u00e9enne<\/a> d\u00e9non\u00e7ant l\u2019augmentation du trafic a\u00e9rien et ses cons\u00e9quences n\u00e9gatives en France, \u00e0 soutenir afin que nous soyons entendus par la Commission P\u00e9titions de l&rsquo;UE<\/li><\/ul>\n\n\n\n<h5 class=\"has-text-align-center has-vivid-red-color has-text-color wp-block-heading\"><\/h5>\n\n\n\n<p>Venez nombreux vous informer, nous soutenir et adh\u00e9rer.<\/p>\n\n\n\n<p><em>* PPBE = Plan de Pr\u00e9vention du Bruit dans l&rsquo;environnement<\/em><\/p>\n\n\n\n<h4 class=\"wp-block-heading\"><\/h4>\n\n\n\n<figure class=\"wp-block-image size-full\"><img loading=\"lazy\" decoding=\"async\" width=\"1810\" height=\"2560\" src=\"https:\/\/www.clients.horus-informatique71.fr\/advocnar_backup\/wp-content\/uploads\/2022\/05\/affiche_fete_nature-et-environnement-scaled.jpg\" alt=\"\" class=\"wp-image-78004\" srcset=\"https:\/\/www.clients.horus-informatique71.fr\/advocnar_backup\/wp-content\/uploads\/2022\/05\/affiche_fete_nature-et-environnement-scaled.jpg 1810w, https:\/\/www.clients.horus-informatique71.fr\/advocnar_backup\/wp-content\/uploads\/2022\/05\/affiche_fete_nature-et-environnement-212x300.jpg 212w, https:\/\/www.clients.horus-informatique71.fr\/advocnar_backup\/wp-content\/uploads\/2022\/05\/affiche_fete_nature-et-environnement-724x1024.jpg 724w, https:\/\/www.clients.horus-informatique71.fr\/advocnar_backup\/wp-content\/uploads\/2022\/05\/affiche_fete_nature-et-environnement-768x1086.jpg 768w, https:\/\/www.clients.horus-informatique71.fr\/advocnar_backup\/wp-content\/uploads\/2022\/05\/affiche_fete_nature-et-environnement-1086x1536.jpg 1086w, https:\/\/www.clients.horus-informatique71.fr\/advocnar_backup\/wp-content\/uploads\/2022\/05\/affiche_fete_nature-et-environnement-1448x2048.jpg 1448w\" sizes=\"(max-width: 1810px) 100vw, 1810px\" \/><\/figure>\n","protected":false},"excerpt":{"rendered":"<p>Retrouvez-nous \u00e0 la \u00ab\u00a0F\u00eate de la Nature et de l&rsquo;Environnement\u00a0\u00bb\u00e0 Deuil-la-Barre le dimanche 15 mai 2022, de 10h \u00e0 18hPlace des victimes du V2 Nos responsables vous accueilleront sur le stand de l&rsquo;ADVOCNAR pour \u00e9changer avec vous sur l&rsquo;actualit\u00e9 de l&rsquo;association et nos derni\u00e8res actions : PPBE de Roissy CDG* en cours d&rsquo;adoption bien que [&hellip;]<\/p>\n","protected":false},"author":10,"featured_media":78005,"comment_status":"closed","ping_status":"open","sticky":false,"template":"","format":"standard","meta":{"footnotes":""},"categories":[46],"tags":[],"yoast_head":"<!-- This site is optimized with the Yoast SEO plugin v22.0 - https:\/\/yoast.com\/wordpress\/plugins\/seo\/ -->\n<title>L&#039;ADVOCNAR vous attend \u00e0 la F\u00eate de la Nature \u00e0 DEUIL dimanche 15 mai - Advocnar<\/title>\n<meta name=\"robots\" content=\"index, follow, max-snippet:-1, max-image-preview:large, max-video-preview:-1\" \/>\n<link rel=\"canonical\" href=\"https:\/\/www.clients.horus-informatique71.fr\/advocnar_backup\/2022\/05\/ladvocnar-vous-attend-a-la-fete-de-la-nature-a-deuil-dimanche-15-mai\/\" \/>\n<meta property=\"og:locale\" content=\"fr_FR\" \/>\n<meta property=\"og:type\" content=\"article\" \/>\n<meta property=\"og:title\" content=\"L&#039;ADVOCNAR vous attend \u00e0 la F\u00eate de la Nature \u00e0 DEUIL dimanche 15 mai - Advocnar\" \/>\n<meta property=\"og:description\" content=\"Retrouvez-nous \u00e0 la \u00ab\u00a0F\u00eate de la Nature et de l&rsquo;Environnement\u00a0\u00bb\u00e0 Deuil-la-Barre le dimanche 15 mai 2022, de 10h \u00e0 18hPlace des victimes du V2 Nos responsables vous accueilleront sur le stand de l&rsquo;ADVOCNAR pour \u00e9changer avec vous sur l&rsquo;actualit\u00e9 de l&rsquo;association et nos derni\u00e8res actions : PPBE de Roissy CDG* en cours d&rsquo;adoption bien que [&hellip;]\" \/>\n<meta property=\"og:url\" content=\"https:\/\/www.clients.horus-informatique71.fr\/advocnar_backup\/2022\/05\/ladvocnar-vous-attend-a-la-fete-de-la-nature-a-deuil-dimanche-15-mai\/\" \/>\n<meta property=\"og:site_name\" content=\"Advocnar\" \/>\n<meta property=\"article:published_time\" content=\"2022-05-09T17:17:52+00:00\" \/>\n<meta property=\"article:modified_time\" content=\"2022-05-09T17:22:56+00:00\" \/>\n<meta property=\"og:image\" content=\"https:\/\/www.clients.horus-informatique71.fr\/advocnar_backup\/wp-content\/uploads\/2022\/05\/Fete-Nature-DEUIL.png\" \/>\n\t<meta property=\"og:image:width\" content=\"697\" \/>\n\t<meta property=\"og:image:height\" content=\"522\" \/>\n\t<meta property=\"og:image:type\" content=\"image\/png\" \/>\n<meta name=\"author\" content=\"FBrochot\" \/>\n<meta name=\"twitter:card\" content=\"summary_large_image\" \/>\n<meta name=\"twitter:label1\" content=\"\u00c9crit par\" \/>\n\t<meta name=\"twitter:data1\" content=\"FBrochot\" \/>\n\t<meta name=\"twitter:label2\" content=\"Dur\u00e9e de lecture estim\u00e9e\" \/>\n\t<meta name=\"twitter:data2\" content=\"1 minute\" \/>\n<script type=\"application\/ld+json\" class=\"yoast-schema-graph\">{\"@context\":\"https:\/\/schema.org\",\"@graph\":[{\"@type\":\"WebPage\",\"@id\":\"https:\/\/www.clients.horus-informatique71.fr\/advocnar_backup\/2022\/05\/ladvocnar-vous-attend-a-la-fete-de-la-nature-a-deuil-dimanche-15-mai\/\",\"url\":\"https:\/\/www.clients.horus-informatique71.fr\/advocnar_backup\/2022\/05\/ladvocnar-vous-attend-a-la-fete-de-la-nature-a-deuil-dimanche-15-mai\/\",\"name\":\"L'ADVOCNAR vous attend \u00e0 la F\u00eate de la Nature \u00e0 DEUIL dimanche 15 mai - Advocnar\",\"isPartOf\":{\"@id\":\"https:\/\/www.clients.horus-informatique71.fr\/advocnar_backup\/#website\"},\"datePublished\":\"2022-05-09T17:17:52+00:00\",\"dateModified\":\"2022-05-09T17:22:56+00:00\",\"author\":{\"@id\":\"https:\/\/www.clients.horus-informatique71.fr\/advocnar_backup\/#\/schema\/person\/28ec283f897fb44e1146415d8015d23e\"},\"breadcrumb\":{\"@id\":\"https:\/\/www.clients.horus-informatique71.fr\/advocnar_backup\/2022\/05\/ladvocnar-vous-attend-a-la-fete-de-la-nature-a-deuil-dimanche-15-mai\/#breadcrumb\"},\"inLanguage\":\"fr-FR\",\"potentialAction\":[{\"@type\":\"ReadAction\",\"target\":[\"https:\/\/www.clients.horus-informatique71.fr\/advocnar_backup\/2022\/05\/ladvocnar-vous-attend-a-la-fete-de-la-nature-a-deuil-dimanche-15-mai\/\"]}]},{\"@type\":\"BreadcrumbList\",\"@id\":\"https:\/\/www.clients.horus-informatique71.fr\/advocnar_backup\/2022\/05\/ladvocnar-vous-attend-a-la-fete-de-la-nature-a-deuil-dimanche-15-mai\/#breadcrumb\",\"itemListElement\":[{\"@type\":\"ListItem\",\"position\":1,\"name\":\"Accueil\",\"item\":\"https:\/\/www.clients.horus-informatique71.fr\/advocnar_backup\/\"},{\"@type\":\"ListItem\",\"position\":2,\"name\":\"L&#8217;ADVOCNAR vous attend \u00e0 la F\u00eate de la Nature \u00e0 DEUIL dimanche 15 mai\"}]},{\"@type\":\"WebSite\",\"@id\":\"https:\/\/www.clients.horus-informatique71.fr\/advocnar_backup\/#website\",\"url\":\"https:\/\/www.clients.horus-informatique71.fr\/advocnar_backup\/\",\"name\":\"Advocnar\",\"description\":\"Association de D\u00e9fense Contre les Nuisances A\u00e9riennes\",\"potentialAction\":[{\"@type\":\"SearchAction\",\"target\":{\"@type\":\"EntryPoint\",\"urlTemplate\":\"https:\/\/www.clients.horus-informatique71.fr\/advocnar_backup\/?s={search_term_string}\"},\"query-input\":\"required name=search_term_string\"}],\"inLanguage\":\"fr-FR\"},{\"@type\":\"Person\",\"@id\":\"https:\/\/www.clients.horus-informatique71.fr\/advocnar_backup\/#\/schema\/person\/28ec283f897fb44e1146415d8015d23e\",\"name\":\"FBrochot\",\"url\":\"https:\/\/www.clients.horus-informatique71.fr\/advocnar_backup\/author\/fbrochot\/\"}]}<\/script>\n<!-- \/ Yoast SEO plugin. -->","yoast_head_json":{"title":"L'ADVOCNAR vous attend \u00e0 la F\u00eate de la Nature \u00e0 DEUIL dimanche 15 mai - Advocnar","robots":{"index":"index","follow":"follow","max-snippet":"max-snippet:-1","max-image-preview":"max-image-preview:large","max-video-preview":"max-video-preview:-1"},"canonical":"https:\/\/www.clients.horus-informatique71.fr\/advocnar_backup\/2022\/05\/ladvocnar-vous-attend-a-la-fete-de-la-nature-a-deuil-dimanche-15-mai\/","og_locale":"fr_FR","og_type":"article","og_title":"L'ADVOCNAR vous attend \u00e0 la F\u00eate de la Nature \u00e0 DEUIL dimanche 15 mai - Advocnar","og_description":"Retrouvez-nous \u00e0 la \u00ab\u00a0F\u00eate de la Nature et de l&rsquo;Environnement\u00a0\u00bb\u00e0 Deuil-la-Barre le dimanche 15 mai 2022, de 10h \u00e0 18hPlace des victimes du V2 Nos responsables vous accueilleront sur le stand de l&rsquo;ADVOCNAR pour \u00e9changer avec vous sur l&rsquo;actualit\u00e9 de l&rsquo;association et nos derni\u00e8res actions : PPBE de Roissy CDG* en cours d&rsquo;adoption bien que [&hellip;]","og_url":"https:\/\/www.clients.horus-informatique71.fr\/advocnar_backup\/2022\/05\/ladvocnar-vous-attend-a-la-fete-de-la-nature-a-deuil-dimanche-15-mai\/","og_site_name":"Advocnar","article_published_time":"2022-05-09T17:17:52+00:00","article_modified_time":"2022-05-09T17:22:56+00:00","og_image":[{"width":697,"height":522,"url":"https:\/\/www.clients.horus-informatique71.fr\/advocnar_backup\/wp-content\/uploads\/2022\/05\/Fete-Nature-DEUIL.png","type":"image\/png"}],"author":"FBrochot","twitter_card":"summary_large_image","twitter_misc":{"\u00c9crit par":"FBrochot","Dur\u00e9e de lecture estim\u00e9e":"1 minute"},"schema":{"@context":"https:\/\/schema.org","@graph":[{"@type":"WebPage","@id":"https:\/\/www.clients.horus-informatique71.fr\/advocnar_backup\/2022\/05\/ladvocnar-vous-attend-a-la-fete-de-la-nature-a-deuil-dimanche-15-mai\/","url":"https:\/\/www.clients.horus-informatique71.fr\/advocnar_backup\/2022\/05\/ladvocnar-vous-attend-a-la-fete-de-la-nature-a-deuil-dimanche-15-mai\/","name":"L'ADVOCNAR vous attend \u00e0 la F\u00eate de la Nature \u00e0 DEUIL dimanche 15 mai - Advocnar","isPartOf":{"@id":"https:\/\/www.clients.horus-informatique71.fr\/advocnar_backup\/#website"},"datePublished":"2022-05-09T17:17:52+00:00","dateModified":"2022-05-09T17:22:56+00:00","author":{"@id":"https:\/\/www.clients.horus-informatique71.fr\/advocnar_backup\/#\/schema\/person\/28ec283f897fb44e1146415d8015d23e"},"breadcrumb":{"@id":"https:\/\/www.clients.horus-informatique71.fr\/advocnar_backup\/2022\/05\/ladvocnar-vous-attend-a-la-fete-de-la-nature-a-deuil-dimanche-15-mai\/#breadcrumb"},"inLanguage":"fr-FR","potentialAction":[{"@type":"ReadAction","target":["https:\/\/www.clients.horus-informatique71.fr\/advocnar_backup\/2022\/05\/ladvocnar-vous-attend-a-la-fete-de-la-nature-a-deuil-dimanche-15-mai\/"]}]},{"@type":"BreadcrumbList","@id":"https:\/\/www.clients.horus-informatique71.fr\/advocnar_backup\/2022\/05\/ladvocnar-vous-attend-a-la-fete-de-la-nature-a-deuil-dimanche-15-mai\/#breadcrumb","itemListElement":[{"@type":"ListItem","position":1,"name":"Accueil","item":"https:\/\/www.clients.horus-informatique71.fr\/advocnar_backup\/"},{"@type":"ListItem","position":2,"name":"L&#8217;ADVOCNAR vous attend \u00e0 la F\u00eate de la Nature \u00e0 DEUIL dimanche 15 mai"}]},{"@type":"WebSite","@id":"https:\/\/www.clients.horus-informatique71.fr\/advocnar_backup\/#website","url":"https:\/\/www.clients.horus-informatique71.fr\/advocnar_backup\/","name":"Advocnar","description":"Association de D\u00e9fense Contre les Nuisances A\u00e9riennes","potentialAction":[{"@type":"SearchAction","target":{"@type":"EntryPoint","urlTemplate":"https:\/\/www.clients.horus-informatique71.fr\/advocnar_backup\/?s={search_term_string}"},"query-input":"required name=search_term_string"}],"inLanguage":"fr-FR"},{"@type":"Person","@id":"https:\/\/www.clients.horus-informatique71.fr\/advocnar_backup\/#\/schema\/person\/28ec283f897fb44e1146415d8015d23e","name":"FBrochot","url":"https:\/\/www.clients.horus-informatique71.fr\/advocnar_backup\/author\/fbrochot\/"}]}},"_links":{"self":[{"href":"https:\/\/www.clients.horus-informatique71.fr\/advocnar_backup\/wp-json\/wp\/v2\/posts\/78002"}],"collection":[{"href":"https:\/\/www.clients.horus-informatique71.fr\/advocnar_backup\/wp-json\/wp\/v2\/posts"}],"about":[{"href":"https:\/\/www.clients.horus-informatique71.fr\/advocnar_backup\/wp-json\/wp\/v2\/types\/post"}],"author":[{"embeddable":true,"href":"https:\/\/www.clients.horus-informatique71.fr\/advocnar_backup\/wp-json\/wp\/v2\/users\/10"}],"replies":[{"embeddable":true,"href":"https:\/\/www.clients.horus-informatique71.fr\/advocnar_backup\/wp-json\/wp\/v2\/comments?post=78002"}],"version-history":[{"count":12,"href":"https:\/\/www.clients.horus-informatique71.fr\/advocnar_backup\/wp-json\/wp\/v2\/posts\/78002\/revisions"}],"predecessor-version":[{"id":78016,"href":"https:\/\/www.clients.horus-informatique71.fr\/advocnar_backup\/wp-json\/wp\/v2\/posts\/78002\/revisions\/78016"}],"wp:featuredmedia":[{"embeddable":true,"href":"https:\/\/www.clients.horus-informatique71.fr\/advocnar_backup\/wp-json\/wp\/v2\/media\/78005"}],"wp:attachment":[{"href":"https:\/\/www.clients.horus-informatique71.fr\/advocnar_backup\/wp-json\/wp\/v2\/media?parent=78002"}],"wp:term":[{"taxonomy":"category","embeddable":true,"href":"https:\/\/www.clients.horus-informatique71.fr\/advocnar_backup\/wp-json\/wp\/v2\/categories?post=78002"},{"taxonomy":"post_tag","embeddable":true,"href":"https:\/\/www.clients.horus-informatique71.fr\/advocnar_backup\/wp-json\/wp\/v2\/tags?post=78002"}],"curies":[{"name":"wp","href":"https:\/\/api.w.org\/{rel}","templated":true}]}}