{"id":78027,"date":"2022-06-08T10:15:30","date_gmt":"2022-06-08T08:15:30","guid":{"rendered":"https:\/\/www.clients.horus-informatique71.fr\/advocnar_backup\/?p=78027"},"modified":"2022-06-09T12:02:30","modified_gmt":"2022-06-09T10:02:30","slug":"elections-legislatives-2022-positionnement-des-candidats-sur-lavenir-du-trafic-aerien-a-roissy-et-au-bourget","status":"publish","type":"post","link":"https:\/\/www.clients.horus-informatique71.fr\/advocnar_backup\/2022\/06\/elections-legislatives-2022-positionnement-des-candidats-sur-lavenir-du-trafic-aerien-a-roissy-et-au-bourget\/","title":{"rendered":"Elections l\u00e9gislatives 2022 : positionnement des candidats sur l&rsquo;avenir du trafic a\u00e9rien \u00e0 Roissy et au Bourget\u00a0"},"content":{"rendered":"\n<div style=\"height:20px\" aria-hidden=\"true\" class=\"wp-block-spacer\"><\/div>\n\n\n\n<p>Dans le cadre des \u00e9lections l\u00e9gislatives 2022 en Ile-de-France, nos associations ont souhait\u00e9 recueillir la position des candidats des circonscriptions concern\u00e9es par les survols a\u00e9riens en provenance des a\u00e9roports de Roissy et du Bourget. Pour cela, un questionnaire a \u00e9t\u00e9 envoy\u00e9 par e-mail \u00e0 79 candidats (43 candidats des 10 circonscriptions du Val d\u2019Oise, 25 candidats de Seine-et-Marne, 10 candidats des Yvelines et 1 candidat de Seine-Saint-Denis) dont nous avons pu obtenir les coordonn\u00e9es, sans distinction d&rsquo;appartenance politique.<\/p>\n\n\n\n<p><strong>Le trafic a\u00e9rien pose des questions cruciales en termes<\/strong><\/p>\n\n\n\n<ul><li><strong>de sant\u00e9 publique :<\/strong> jusqu\u2019\u00e0 <a href=\"https:\/\/www.google.com\/url?q=https:\/\/www.bruitparif.fr\/pages\/Actualites\/2019-02-09%2520Impacts%2520sanitaires%2520du%2520bruit%2520des%2520transports%2520dans%2520la%2520zone%2520dense%2520de%2520la%2520r%25C3%25A9gion%2520%25C3%258Ele-de-France\/2019-02-09%2520-%2520Impacts%2520sanitaires%2520du%2520bruit%2520des%2520transports%2520dans%2520la%2520zone%2520dense%2520de%2520la%2520r%25C3%25A9gion%2520Ile-de-France.pdf&amp;sa=D&amp;source=docs&amp;ust=1654674105655469&amp;usg=AOvVaw04jtmB-88DbBdaaLCbj44r\">3 ann\u00e9es de vie en bonne sant\u00e9 sont perdues<\/a> sous les couloirs a\u00e9riens de Roissy et <a href=\"https:\/\/www.bruitparif.fr\/une-cartographie-etendue-du-bruit-aerien-en-ile-de-france\/\">1,4 millions de Franciliens sont expos\u00e9s \u00e0 des niveaux de bruit<\/a> qui d\u00e9passent le seuil recommand\u00e9 par l\u2019OMS<\/li><li><strong>d\u2019impact climatique :<\/strong> les progr\u00e8s technologiques ne suffiront pas \u00e0 faire baisser les \u00e9missions comme le prouvent <a href=\"https:\/\/www.google.com\/url?q=https:\/\/theshiftproject.org\/wp-content\/uploads\/2021\/03\/Pouvoir-voler-en-2050_ShiftProject_Rapport-2021.pdf&amp;sa=D&amp;source=docs&amp;ust=1654675676573096&amp;usg=AOvVaw1epWd0xF9dkANVyw1opgDJ\">plusieurs \u00e9tudes<\/a> r\u00e9alis\u00e9es par des<a href=\"https:\/\/www.isae-supaero.fr\/fr\/horizons-186\/referentiel-aviation-et-climat\/referentiel-aviation-et-climat\/\"> ing\u00e9nieurs et chercheurs du secteur a\u00e9ronautique<\/a><\/li><li><strong>d\u2019emploi :<\/strong> 90 000 salari\u00e9s sur la plateforme a\u00e9roportuaire de Roissy.<\/li><\/ul>\n\n\n\n<p><strong>La mobilisation contre le projet de Terminal 4 \u00e0 Roissy a \u00e9t\u00e9 sans pr\u00e9c\u00e9dent<\/strong> parmi la population locale et les \u00e9lus, et pr\u00e8s de 50 000 personnes ont sign\u00e9 <a href=\"https:\/\/agir.greenvoice.fr\/petitions\/non-a-l-extension-de-l-aeroport-de-roissy-une-bombe-climatique-et-sanitaire\">la p\u00e9tition contre une extension de l\u2019a\u00e9roport de Roissy<\/a>. Or, malgr\u00e9 l\u2019annonce de l\u2019abandon du Terminal 4 par le gouvernement en f\u00e9vrier dernier, <a href=\"https:\/\/www.youtube.com\/watch?v=3phB00UT3po&amp;t=3836s\">le pr\u00e9sident d\u2019ADP a d\u00e9clar\u00e9 travailler sur un nouveau projet<\/a>, sans remettre en cause les perspectives de croissance de trafic du projet initial. La volont\u00e9 du groupe ADP de se d\u00e9velopper fortement sur le fret avec l\u2019ouverture de plusieurs nouveaux entrep\u00f4ts logistiques (DHL \/ Fedex), inqui\u00e8te aussi beaucoup les riverains. <\/p>\n\n\n\n<p><strong>Autre sujet de pr\u00e9occupation : le d\u00e9ploiement imminent de drones, mais aussi de taxis volants <\/strong>qui pourraient d\u00e9coller <a href=\"https:\/\/www.usine-digitale.fr\/article\/paris-accelere-du-cote-des-mobilites-aeriennes-urbaines-en-vue-des-jo-2024.N1163297\">des a\u00e9roports de Roissy et du Bourget d\u00e8s 2024<\/a>.&nbsp;<\/p>\n\n\n\n<p>Ce document n\u2019a pas pour vocation de mettre en avant les positions d\u00e9fendues par les associations \u00e0 l\u2019initiative de ce questionnaire, mais de rendre compte \u00e9quitablement des positions des candidat.es sur ce sujet central afin d\u2019\u00e9clairer les \u00e9lecteurs de mani\u00e8re neutre et objective. Nos associations sont ind\u00e9pendantes de toute organisation politique.<\/p>\n\n\n\n<p><\/p>\n\n\n\n<p><strong>Signataires<\/strong> : <em>ADVOCNAR &#8211; Collectif Non au T4 &#8211; France Nature Environnement IDF &#8211; Les Amis de la Terre Val d\u2019Oise &#8211; Val d&rsquo;Oise Environnement &#8211; SOS Vall\u00e9e de Montmorency &#8211; Greenpeace Paris &#8211; AREC &#8211; CIRENA &#8211; DIRAP &#8211; France Nature Environnement Seine-et-Marne &#8211; MNLE 93 et Nord-est parisien.<\/em><\/p>\n\n\n\n<hr class=\"wp-block-separator has-text-color has-background has-vivid-red-background-color has-vivid-red-color is-style-wide\"\/>\n\n\n\n<h3 class=\"has-text-align-center wp-block-heading\"><strong>Synth\u00e8se<\/strong><\/h3>\n\n\n\n<h4 class=\"wp-block-heading\"><\/h4>\n\n\n\n<p>Malgr\u00e9 une consultation large sur une trentaine de circonscriptions concern\u00e9es par les survols a\u00e9riens des a\u00e9roports de Roissy et du Bourget, seul.e.s des candidat.e.s des circonscriptions du Val d\u2019Oise et une candidate des Yvelines ont r\u00e9pondu \u00e0 notre questionnaire.<\/p>\n\n\n\n<p>L\u2019ensemble des r\u00e9pondant.e.s reconna\u00eet l\u2019impact n\u00e9faste des a\u00e9roports de Roissy Charles de Gaulle et du Bourget sur le climat, la qualit\u00e9 de vie et la sant\u00e9 (pollution atmosph\u00e9rique et sonore) des habitants des circonscriptions concern\u00e9es.<\/p>\n\n\n\n<p>Parmi les candidats ayant r\u00e9pondu au questionnaire, une quasi-unanimit\u00e9 se d\u00e9clare contre tout projet d\u2019extension \u00e0 Roissy, en faveur d\u2019un couvre-feu la nuit, d\u2019un plafonnement du trafic a\u00e9rien puis d\u2019une r\u00e9duction progressive du trafic pour respecter les engagements climatiques de la France, mais avec une d\u00e9termination moindre du c\u00f4t\u00e9 des R\u00e9publicains, de Reconqu\u00eate ou des membres de la majorit\u00e9 pr\u00e9sidentielle. Celles et ceux qui se d\u00e9clarent oppos\u00e9s \u00e0 ces mesures sont des candidat.e.s de ces m\u00eames partis, qui misent sur les progr\u00e8s technologiques ou sont r\u00e9fractaires \u00e0 toute r\u00e9gulation si celle-ci ne s\u2019applique pas \u00e0 l\u2019Europe enti\u00e8re ou \u00e0 l\u2019\u00e9chelle mondiale.<\/p>\n\n\n\n<p>A l\u2019exception du candidat de Reconqu\u00eate qui ne se prononce pas, tout.e.s les candidat.e.s se d\u00e9clarent en faveur d\u2019un accompagnement des entreprises du secteur a\u00e9rien vers une diversification ou des salari\u00e9s vers d\u2019autres emplois pour accompagner une r\u00e9duction progressive des effectifs.<\/p>\n\n\n\n<p>Parmi les r\u00e9pondant.es., seul.e.s les candidat.e.s NUPES  se positionnent unanimement en faveur d\u2019un v\u00e9ritable tournant \u00e9cologique et social du secteur a\u00e9rien, ainsi qu&rsquo;un candidat Debout la France, une candidate Les R\u00e9publicains et une candidate de la majorit\u00e9 pr\u00e9sidentielle. Ils et elles se prononcent fermement contre toute extension de l\u2019a\u00e9roport de Roissy, contre la croissance du trafic a\u00e9rien \u00e0 Roissy et au Bourget, pour un couvre-feu nocturne, pour un plafonnement et une r\u00e9duction progressive mais volontariste du trafic a\u00e9rien pour tenir nos objectifs climatiques, pour un accompagnement ambitieux des salari\u00e9s dans une reconversion et pour un d\u00e9veloppement des alternatives en train.<\/p>\n\n\n\n<p>Seul.e.s les candidat.e.s NUPES se d\u00e9clarent unanimement contre le d\u00e9ploiement des drones et des taxis volants, ainsi qu&rsquo;un candidat Debout la France, une candidate Les R\u00e9publicains et deux candidates de la majorit\u00e9 pr\u00e9sidentielle. Ces <a href=\"https:\/\/www.usine-digitale.fr\/article\/paris-accelere-du-cote-des-mobilites-aeriennes-urbaines-en-vue-des-jo-2024.N1163297\">engins de mobilit\u00e9 a\u00e9rienne urbaine <\/a>pourraient d\u00e9coller de Roissy et du Bourget d\u00e8s 2024. Les autres candidat.e.s se d\u00e9clarent soit contre toute interdiction par principe, soit en faveur de ces outils qui iraient dans le sens du progr\u00e8s, en esp\u00e9rant que l&rsquo;avanc\u00e9e de ces technologies permettrait de limiter leur impact en termes de climat et de nuisances sonores.<\/p>\n\n\n\n<h4 class=\"has-vivid-red-color has-text-color wp-block-heading\">M\u00e9thodologie<\/h4>\n\n\n\n<p>1\u00e8re \u00e9tape &#8211; r\u00e9cup\u00e9ration des coordonn\u00e9es : d\u00e8s la liste des candidat.e.s publi\u00e9e, nous avons recherch\u00e9 les adresses de celles et ceux dont les d\u00e9partements sont particuli\u00e8rement concern\u00e9s par les survols a\u00e9riens en provenance de Roissy et du Bourget : le Val d\u2019Oise, la Seine-et-Marne, les Yvelines et la Seine-Saint-Denis.<\/p>\n\n\n\n<p>2\u00e8me \u00e9tape &#8211; envoi du questionnaire : le 25 mai, nous avons envoy\u00e9 par email un questionnaire accompagn\u00e9 d\u2019un message pr\u00e9sentant nos arguments en faveur d\u2019une limitation du trafic a\u00e9rien \u00e0 Roissy et le Bourget. Une premi\u00e8re date limite de r\u00e9ponse a \u00e9t\u00e9 donn\u00e9e pour le 3 juin, puis \u00e9tendue jusqu\u2019au 7 juin. Sur 79 candidat.e.s contact\u00e9es (43 du Val d\u2019Oise, 25 de Seine-et-Marne, 10 des Yvelines et 1 de Seine-Saint-Denis), nous avons recueilli 19 questionnaires compl\u00e9t\u00e9s, dont un anonyme que nous n\u2019avons pas pu traiter.<\/p>\n\n\n\n<p>3\u00e8me \u00e9tape &#8211; traitement des r\u00e9sultats : nous avons rassembl\u00e9 et synth\u00e9tis\u00e9 dans le document ci-dessous l\u2019ensemble des 18 r\u00e9ponses compl\u00e8tes obtenues.&nbsp;<\/p>\n\n\n\n<h4 class=\"has-vivid-red-color has-text-color wp-block-heading\">R\u00e9sultats d\u00e9taill\u00e9<strong>s<\/strong><\/h4>\n\n\n\n<p>Voici une synth\u00e8se des 18 r\u00e9ponses apport\u00e9es au questionnaire, analys\u00e9es par circonscription et orientation politique. L\u2019ensemble des r\u00e9ponses est consultables int\u00e9gralement <a href=\"#ReponsesCandidats\">ici.<\/a><\/p>\n\n\n\n<ul class=\"has-vivid-red-color has-text-color\"><li><strong>R\u00e9partition statistique<\/strong><\/li><\/ul>\n\n\n\n<div class=\"wp-block-media-text alignwide is-stacked-on-mobile\"><figure class=\"wp-block-media-text__media\"><img loading=\"lazy\" decoding=\"async\" width=\"600\" height=\"371\" src=\"https:\/\/www.clients.horus-informatique71.fr\/advocnar_backup\/wp-content\/uploads\/2022\/06\/Circonscriptions-des-repondant.e.s.png\" alt=\"\" class=\"wp-image-78092 size-full\" srcset=\"https:\/\/www.clients.horus-informatique71.fr\/advocnar_backup\/wp-content\/uploads\/2022\/06\/Circonscriptions-des-repondant.e.s.png 600w, https:\/\/www.clients.horus-informatique71.fr\/advocnar_backup\/wp-content\/uploads\/2022\/06\/Circonscriptions-des-repondant.e.s-300x186.png 300w\" sizes=\"(max-width: 600px) 100vw, 600px\" \/><\/figure><div class=\"wp-block-media-text__content\">\n<p class=\"has-small-font-size\">Les candidat.e.s ayant r\u00e9pondu proviennent majoritairement des circonscriptions du Val d\u2019Oise, en particulier la 6\u00e8me et la 7\u00e8me.<\/p>\n<\/div><\/div>\n\n\n\n<div class=\"wp-block-media-text alignwide is-stacked-on-mobile\"><figure class=\"wp-block-media-text__media\"><img loading=\"lazy\" decoding=\"async\" width=\"600\" height=\"371\" src=\"https:\/\/www.clients.horus-informatique71.fr\/advocnar_backup\/wp-content\/uploads\/2022\/06\/Parti-politique-des-repondant.e.s.png\" alt=\"\" class=\"wp-image-78093 size-full\" srcset=\"https:\/\/www.clients.horus-informatique71.fr\/advocnar_backup\/wp-content\/uploads\/2022\/06\/Parti-politique-des-repondant.e.s.png 600w, https:\/\/www.clients.horus-informatique71.fr\/advocnar_backup\/wp-content\/uploads\/2022\/06\/Parti-politique-des-repondant.e.s-300x186.png 300w\" sizes=\"(max-width: 600px) 100vw, 600px\" \/><\/figure><div class=\"wp-block-media-text__content\">\n<p class=\"has-small-font-size\">Les candidat.e.s de la NUPES (Nouvelle union populaire \u00e9cologique et sociale) sont les plus nombreux \u00e0 avoir r\u00e9pondu au questionnaire, suivi des candidat.e.s des R\u00e9publicains et de la majorit\u00e9 pr\u00e9sidentielle.<\/p>\n<\/div><\/div>\n\n\n\n<p><\/p>\n\n\n\n<ul class=\"has-vivid-red-color has-text-color\"><li><strong>Analyse des r\u00e9ponses<\/strong><\/li><\/ul>\n\n\n\n<p>Le questionnaire comportait 11 questions. Pour chacune d\u2019entre elles, il fallait dans un premier temps r\u00e9pondre par oui ou par non, puis les candidat.es \u00e9taient invit\u00e9.es \u00e0 \u00e9tayer leur r\u00e9ponse. Les graphiques ci-dessous montrent la r\u00e9partition des r\u00e9ponses pour chaque question, et les sections suivantes pr\u00e9sentent une s\u00e9lection de r\u00e9ponses d\u00e9taill\u00e9es. L\u2019ensemble des r\u00e9ponses est accessible ici.<\/p>\n\n\n\n<p><strong>Question 1<\/strong><strong> &#8211; Reconnaissez-vous l\u2019impact n\u00e9gatif des a\u00e9roports de Roissy et du Bourget sur le climat et la sant\u00e9 des populations survol\u00e9es (bruit, pollution atmosph\u00e9rique) ?<\/strong><\/p>\n\n\n\n<figure class=\"wp-block-table is-style-stripes\"><table class=\"has-black-color has-text-color\"><tbody><tr><td><strong>Oui<\/strong><\/td><td><strong>Non<\/strong><\/td><td><\/td><td><\/td><td><\/td><td><\/td><td><\/td><td><\/td><td><\/td><td><\/td><td><strong>Ne se prononce pas<\/strong><\/td><td><\/td><td><\/td><td><\/td><\/tr><tr><td><strong>18\/18<\/strong><\/td><td>0\/18<\/td><td><\/td><td><\/td><td><\/td><td><\/td><td><\/td><td><\/td><td><\/td><td><\/td><td>0\/18<\/td><td><\/td><td><\/td><td><\/td><\/tr><tr><td>NUPES, autres gauche, LR, <br>majorit\u00e9 pr\u00e9sidentielle, Reconqu\u00eate, <br>DLF, sans \u00e9tiquette<\/td><td><\/td><td><\/td><td><\/td><td><\/td><td><\/td><td><\/td><td><\/td><td><\/td><td><\/td><td><\/td><td><\/td><td><\/td><td><\/td><\/tr><\/tbody><\/table><\/figure>\n\n\n\n<p><strong>Question 2<\/strong><strong> : Etes-vous oppos\u00e9.e \u00e0 tout projet d\u2019infrastructure (extension, am\u00e9nagement) qui permettrait la croissance du trafic passager ou fret \u00e0 l\u2019a\u00e9roport de Roissy, afin de prot\u00e9ger le climat et la sant\u00e9 des francilien.ne.s ?<\/strong><\/p>\n\n\n\n<figure class=\"wp-block-table is-style-stripes\"><table><tbody><tr><td><strong>Oui<\/strong><\/td><td><strong>Non<\/strong><\/td><td><\/td><td><\/td><td><\/td><td><\/td><td><\/td><td><\/td><td><\/td><td><\/td><td><strong>Ne se prononce pas<\/strong><\/td><td><\/td><td><\/td><td><\/td><\/tr><tr><td><strong>16\/18<\/strong><\/td><td>2\/18<\/td><td><\/td><td><\/td><td><\/td><td><\/td><td><\/td><td><\/td><td><\/td><td><\/td><td>0\/32<\/td><td><\/td><td><\/td><td><\/td><\/tr><tr><td>NUPES, autres gauche, LR, <br>majorit\u00e9 pr\u00e9sidentielle, Reconqu\u00eate, <br>DLF, sans \u00e9tiquette<\/td><td>LR<\/td><td><\/td><td><\/td><td><\/td><td><\/td><td><\/td><td><\/td><td><\/td><td><\/td><td><\/td><td><\/td><td><\/td><td><\/td><\/tr><\/tbody><\/table><\/figure>\n\n\n\n<p><strong>Question 3<\/strong><strong>&nbsp; &#8211;&nbsp; \u00cates-vous pour le plafonnement du trafic a\u00e9rien \u00e0 Roissy au niveau de 2018-2019, soit 500 000 mouvements a\u00e9riens\/an (l&rsquo;a\u00e9roport d&rsquo;Orly b\u00e9n\u00e9ficie d&rsquo;un plafonnement) ?<\/strong><\/p>\n\n\n\n<figure class=\"wp-block-table is-style-stripes\"><table><tbody><tr><td><strong>Oui<\/strong><\/td><td><strong>Non<\/strong><\/td><td><\/td><td><\/td><td><\/td><td><\/td><td><\/td><td><\/td><td><\/td><td><\/td><td><strong>Ne se prononce pas<\/strong><\/td><td><\/td><td><\/td><\/tr><tr><td><strong>17\/18<\/strong><\/td><td>0\/18<\/td><td><\/td><td><\/td><td><\/td><td><\/td><td><\/td><td><\/td><td><\/td><td><\/td><td>1\/18<\/td><td><\/td><td><\/td><\/tr><tr><td>NUPES, autres gauche, LR, <br>majorit\u00e9 pr\u00e9sidentielle, Reconqu\u00eate, <br>DLF, sans \u00e9tiquette<\/td><td><\/td><td><\/td><td><\/td><td><\/td><td><\/td><td><\/td><td><\/td><td><\/td><td><\/td><td>Majorit\u00e9 pr\u00e9sidentielle<\/td><td><\/td><td><\/td><\/tr><\/tbody><\/table><\/figure>\n\n\n\n<p><strong>Question 4<\/strong><strong> &#8211; \u00cates-vous pour le plafonnement du trafic a\u00e9rien \u00e0 l&rsquo;a\u00e9roport du Bourget \u00e0 50 000 mouvements a\u00e9riens\/an ?<\/strong><\/p>\n\n\n\n<figure class=\"wp-block-table is-style-stripes\"><table><tbody><tr><td><strong>Oui<\/strong><\/td><td><strong>Non<\/strong><\/td><td><\/td><td><\/td><td><\/td><td><\/td><td><\/td><td><\/td><td><\/td><td><\/td><td><strong>Ne se prononce pas<\/strong><\/td><td><\/td><\/tr><tr><td><strong>15\/18<\/strong><\/td><td>0\/18<\/td><td><\/td><td><\/td><td><\/td><td><\/td><td><\/td><td><\/td><td><\/td><td><\/td><td>3\/18<\/td><td><\/td><\/tr><tr><td>NUPES, autres gauche, LR, <br>majorit\u00e9 pr\u00e9sidentielle, Reconqu\u00eate, <br>DLF, sans \u00e9tiquette<\/td><td><\/td><td><\/td><td><\/td><td><\/td><td><\/td><td><\/td><td><\/td><td><\/td><td><\/td><td>LR, majorit\u00e9 pr\u00e9sidentielle<\/td><td><\/td><\/tr><\/tbody><\/table><\/figure>\n\n\n\n<p><strong>Question 5<\/strong><strong> &#8211; Etes-vous favorable \u00e0 l&rsquo;interdiction des avions les plus bruyants ?<\/strong><\/p>\n\n\n\n<figure class=\"wp-block-table is-style-stripes\"><table><tbody><tr><td><strong>Oui<\/strong><\/td><td><strong>Non<\/strong><\/td><td><\/td><td><\/td><td><\/td><td><\/td><td><\/td><td><strong>Ne se prononce pas<\/strong><\/td><\/tr><tr><td><strong>16\/18<\/strong><\/td><td>1\/18<\/td><td><\/td><td><\/td><td><\/td><td><\/td><td><\/td><td>1\/18<\/td><\/tr><tr><td>NUPES, autres gauche, LR, <br>majorit\u00e9 pr\u00e9sidentielle, <br>DLF, sans \u00e9tiquette<\/td><td>LR<\/td><td><\/td><td><\/td><td><\/td><td><\/td><td><\/td><td>Reconqu\u00eate<\/td><\/tr><\/tbody><\/table><\/figure>\n\n\n\n<p><strong>Question 6<\/strong><strong> &#8211; Etes-vous favorable \u00e0 l\u2019instauration d\u2019un couvre-feu la nuit \u00e0 Roissy et au Bourget, comme c\u2019est le cas \u00e0 Orly ?<\/strong><\/p>\n\n\n\n<figure class=\"wp-block-table is-style-stripes\"><table><tbody><tr><td><strong>Oui<\/strong><\/td><td><\/td><td><strong>Non<\/strong><\/td><td><\/td><td><strong>Ne se prononce pas<\/strong><\/td><\/tr><tr><td><strong>16\/18<\/strong><\/td><td><\/td><td>2\/18<\/td><td><\/td><td>1\/18<\/td><\/tr><tr><td>NUPES, autres gauche, LR, <br>majorit\u00e9 pr\u00e9sidentielle, <br>DLF, sans \u00e9tiquette<\/td><td><\/td><td>LR, Reconqu\u00eate<\/td><td><\/td><td>Majorit\u00e9 pr\u00e9sidentielle<\/td><\/tr><\/tbody><\/table><\/figure>\n\n\n\n<p><strong>Question 7<\/strong><strong> &#8211;&nbsp; De r\u00e9centes \u00e9tudes d\u00e9montrent que pour r\u00e9duire les \u00e9missions de gaz \u00e0 effet de serre du secteur a\u00e9rien les progr\u00e8s technologiques ne suffiront pas, et que le trafic doit diminuer. Consid\u00e9rez-vous que le trafic des a\u00e9roports de Roissy et du Bourget doit \u00eatre conditionn\u00e9 \u00e0 une trajectoire de r\u00e9duction des gaz \u00e0 effet de serre compatible avec l\u2019Accord de Paris (sc\u00e9nario \u00e0 1,5\u00b0C) ?<\/strong><\/p>\n\n\n\n<figure class=\"wp-block-table is-style-stripes\"><table><tbody><tr><td><strong>Oui<\/strong><\/td><td><strong>Non<\/strong><\/td><td><\/td><td><\/td><td><\/td><td><\/td><td><\/td><td><\/td><td><\/td><td><\/td><td><strong>Ne se prononce pas<\/strong><\/td><td><\/td><td><\/td><td><\/td><\/tr><tr><td><strong>18\/18<\/strong><\/td><td>0\/18<\/td><td><\/td><td><\/td><td><\/td><td><\/td><td><\/td><td><\/td><td><\/td><td><\/td><td>0\/18<\/td><td><\/td><td><\/td><td><\/td><\/tr><tr><td>NUPES, autres gauche, LR, <br>majorit\u00e9 pr\u00e9sidentielle, Reconqu\u00eate, <br>DLF, sans \u00e9tiquette<\/td><td><\/td><td><\/td><td><\/td><td><\/td><td><\/td><td><\/td><td><\/td><td><\/td><td><\/td><td><\/td><td><\/td><td><\/td><td><\/td><\/tr><\/tbody><\/table><\/figure>\n\n\n\n<p><strong>Question 8<\/strong><strong> &#8211;&nbsp; Une dizaine d&rsquo;extensions d&rsquo;a\u00e9roport est actuellement en projet en France. Vous positionnez-vous contre toute extension a\u00e9roportuaire sur le territoire Fran\u00e7ais ?<\/strong><\/p>\n\n\n\n<figure class=\"wp-block-table is-style-stripes\"><table><tbody><tr><td><strong>Oui<\/strong><\/td><td><\/td><td><\/td><td><\/td><td><\/td><td><\/td><td><\/td><td><strong>Non<\/strong><\/td><td><strong>Ne se prononce pas<\/strong><\/td><td><\/td><td><\/td><\/tr><tr><td><strong>4\/18<\/strong><\/td><td><\/td><td><\/td><td><\/td><td><\/td><td><\/td><td><\/td><td>6\/18<\/td><td>8\/18<\/td><td><\/td><td><\/td><\/tr><tr><td>NUPES, autres gauche, DLF<\/td><td><\/td><td><\/td><td><\/td><td><\/td><td><\/td><td><\/td><td>LR, majorit\u00e9 pr\u00e9sidentielle, <br>Reconqu\u00eate, sans \u00e9tiquette<\/td><td>Majorit\u00e9 pr\u00e9sidentielle, <br>NUPES, LR, autres gauche<\/td><td><\/td><td><\/td><\/tr><\/tbody><\/table><\/figure>\n\n\n\n<p><strong>Question 9<\/strong><strong> &#8211; Vous engagez-vous, une fois \u00e9lu.e, \u00e0 agir activement pour la mise en place des mesures et le respect des objectifs ci-dessus par tous les moyens dont dispose un parlementaire : questions au gouvernement, amendements, vote, proposition de loi\u2026&nbsp;<\/strong><\/p>\n\n\n\n<figure class=\"wp-block-table is-style-stripes\"><table><tbody><tr><td><strong>Oui<\/strong><\/td><td><strong>Non<\/strong><\/td><td><\/td><td><\/td><td><\/td><td><\/td><td><\/td><td><\/td><td><\/td><td><\/td><td><strong>Ne se prononce pas<\/strong><\/td><td><\/td><\/tr><tr><td><strong>17\/18<\/strong><\/td><td>0\/18<\/td><td><\/td><td><\/td><td><\/td><td><\/td><td><\/td><td><\/td><td><\/td><td><\/td><td>1\/18<\/td><td><\/td><\/tr><tr><td>NUPES, autres gauche, LR, <br>majorit\u00e9 pr\u00e9sidentielle, Reconqu\u00eate, <br>DLF, sans \u00e9tiquette<\/td><td><\/td><td><\/td><td><\/td><td><\/td><td><\/td><td><\/td><td><\/td><td><\/td><td><\/td><td>Majorit\u00e9 pr\u00e9sidentielle&nbsp;<\/td><td><\/td><\/tr><\/tbody><\/table><\/figure>\n\n\n\n<p><strong>Question 10<\/strong><strong> &#8211; Vous engagez-vous \u00e0 agir pour que l&rsquo;Etat accompagne le secteur a\u00e9rien et ses salari\u00e9.e.s dans le sens d\u2019une transition \u00e9cologique et sociale (diversification des activit\u00e9s hors a\u00e9rien, aide \u00e0 la reconversion des salari\u00e9.e.s&#8230;) en parall\u00e8le du d\u00e9veloppement de technologies moins carbon\u00e9es ?&nbsp;<\/strong><\/p>\n\n\n\n<figure class=\"wp-block-table is-style-stripes\"><table><tbody><tr><td><strong>Oui<\/strong><\/td><td><strong>Non<\/strong><\/td><td><\/td><td><\/td><td><\/td><td><\/td><td><\/td><td><\/td><td><strong>Ne se prononce pas<\/strong><\/td><\/tr><tr><td><strong>17\/18<\/strong><\/td><td>0\/18<\/td><td><\/td><td><\/td><td><\/td><td><\/td><td><\/td><td><\/td><td>1\/18<\/td><\/tr><tr><td>NUPES, autres gauche, LR, <br>majorit\u00e9 pr\u00e9sidentielle, DLF, <br>sans \u00e9tiquette<\/td><td><\/td><td><\/td><td><\/td><td><\/td><td><\/td><td><\/td><td><\/td><td>Reconqu\u00eate<\/td><\/tr><\/tbody><\/table><\/figure>\n\n\n\n<p><strong>Question 11<\/strong><strong> &#8211; Le d\u00e9veloppement des drones de livraison et des avions urbains (taxis volants) est un nouveau danger pour la sant\u00e9 des populations survol\u00e9es (bruit) et pour la transition \u00e9cologique. Etes-vous pr\u00eat.e \u00e0 les interdire ?<\/strong><\/p>\n\n\n\n<figure class=\"wp-block-table is-style-stripes\"><table><tbody><tr><td><strong>Oui<\/strong><\/td><td><\/td><td><\/td><td><\/td><td><\/td><td><\/td><td><strong>Non<\/strong><\/td><td><\/td><td><\/td><td><\/td><td><\/td><td><\/td><td><\/td><td><\/td><td><\/td><td><strong>Ne se prononce pas<\/strong><\/td><\/tr><tr><td><strong>10\/18<\/strong><\/td><td><\/td><td><\/td><td><\/td><td><\/td><td><\/td><td>2\/18<\/td><td><\/td><td><\/td><td><\/td><td><\/td><td><\/td><td><\/td><td><\/td><td><\/td><td>6\/18<\/td><\/tr><tr><td>NUPES, autres gauche, LR, <br>majorit\u00e9 pr\u00e9sidentielle, DLF<\/td><td><\/td><td><\/td><td><\/td><td><\/td><td><\/td><td>LR<\/td><td><\/td><td><\/td><td><\/td><td><\/td><td><\/td><td><\/td><td><\/td><td><\/td><td>LR, majorit\u00e9 pr\u00e9sidentielle, <br>Reconqu\u00eates, <br>autres gauche, sans \u00e9tiquette<\/td><\/tr><\/tbody><\/table><\/figure>\n\n\n\n<h3 class=\"has-text-align-center wp-block-heading\" id=\"ReponsesCandidats\">R\u00e9ponses compl\u00e8tes des candidats<\/h3>\n\n\n\n<figure class=\"wp-block-table\"><table><tbody><tr><td><a href=\"https:\/\/www.clients.horus-informatique71.fr\/advocnar_backup\/wp-content\/uploads\/2022\/06\/Gregory-BERTHAULT.pdf\">Gr\u00e9gory BERTHAULT<\/a><\/td><td>Ecologie Autrement<\/td><td>4\u00e8 circonscription 95<\/td><\/tr><tr><td><a href=\"https:\/\/www.clients.horus-informatique71.fr\/advocnar_backup\/wp-content\/uploads\/2022\/06\/Patrick-BOULLE.pdf\">Patrick BOULL\u00c9<\/a><\/td><td>Les R\u00e9publicains<\/td><td>4\u00e8 circonscription 95<\/td><\/tr><tr><td><a href=\"https:\/\/www.clients.horus-informatique71.fr\/advocnar_backup\/wp-content\/uploads\/2022\/06\/Gabrielle-CATHALA.pdf\">Gabrielle CATHALA<\/a><\/td><td>NUPES<\/td><td>6\u00e8 circonscription 95<\/td><\/tr><tr><td><a href=\"https:\/\/www.clients.horus-informatique71.fr\/advocnar_backup\/wp-content\/uploads\/2022\/06\/Michele-CHRISTOPHOUL.pdf\">Michele CHRISTOPHOUL<\/a><\/td><td>NUPES<\/td><td>7\u00e8 circonscription 78<\/td><\/tr><tr><td><a href=\"https:\/\/www.clients.horus-informatique71.fr\/advocnar_backup\/wp-content\/uploads\/2022\/06\/Dominique-DA-SILVA.pdf\">Dominique DA SILVA<\/a><\/td><td>Ensemble \/ Majorit\u00e9 Pr\u00e9sidentielle<\/td><td>7\u00e8 circonscription 95<\/td><\/tr><tr><td><a href=\"https:\/\/www.clients.horus-informatique71.fr\/advocnar_backup\/wp-content\/uploads\/2022\/06\/Philippe-DEMARET.pdf\">Philippe DEMARET<\/a><\/td><td>Non affili\u00e9<\/td><td>7\u00e8 circonscription 95<\/td><\/tr><tr><td><a href=\"https:\/\/www.clients.horus-informatique71.fr\/advocnar_backup\/wp-content\/uploads\/2022\/06\/Nahalie-ELIMAS.pdf\">Nathalie ELIMAS<\/a><\/td><td>Majorit\u00e9 Pr\u00e9sidentielle<\/td><td>6\u00e8 circonscription 95<\/td><\/tr><tr><td><a href=\"https:\/\/www.clients.horus-informatique71.fr\/advocnar_backup\/wp-content\/uploads\/2022\/06\/Romain-ESKENAZI.pdf\">Romain ESKENAZI<\/a><\/td><td>NUPES \/ PS<\/td><td>7\u00e8 circonscription 95<\/td><\/tr><tr><td><a href=\"https:\/\/www.clients.horus-informatique71.fr\/advocnar_backup\/wp-content\/uploads\/2022\/06\/Anais-FERDEL.pdf\">Ana\u00efs FERDEL<\/a><\/td><td>Reconqu\u00eate !<\/td><td>6\u00e8 circonscription 95<\/td><\/tr><tr><td><a href=\"https:\/\/www.clients.horus-informatique71.fr\/advocnar_backup\/wp-content\/uploads\/2022\/06\/Nicolas-FLAMENT.pdf\">Nicolas FLAMENT<\/a><\/td><td>Les R\u00e9publicains<\/td><td>6\u00e8 circonscription 95<\/td><\/tr><tr><td><a href=\"https:\/\/www.clients.horus-informatique71.fr\/advocnar_backup\/wp-content\/uploads\/2022\/06\/Samir-LASSOUED.pdf\">Samir LASSOUED<\/a><\/td><td>Divers Gauche<\/td><td>6\u00e8 circonscription 95<\/td><\/tr><tr><td><a href=\"https:\/\/www.clients.horus-informatique71.fr\/advocnar_backup\/wp-content\/uploads\/2022\/06\/Arnaud-LE-GALL.pdf\">Arnaud LE GALL<\/a><\/td><td>NUPES<\/td><td>9\u00e8 circonscription 95<\/td><\/tr><tr><td><a href=\"https:\/\/www.clients.horus-informatique71.fr\/advocnar_backup\/wp-content\/uploads\/2022\/06\/Lionel-LESSAINT.pdf\">Lionel LESSAINT<\/a><\/td><td>DLF \/ Candidature libre<\/td><td>1\u00e8re circonscription 95<\/td><\/tr><tr><td><a href=\"https:\/\/www.clients.horus-informatique71.fr\/advocnar_backup\/wp-content\/uploads\/2022\/06\/Naima-MOUTCHOU.pdf\">Na\u00efma MOUTCHOU<\/a><\/td><td>Horizons \/ Ensemble<\/td><td>4\u00e8 circonscription 95<\/td><\/tr><tr><td><a href=\"https:\/\/www.clients.horus-informatique71.fr\/advocnar_backup\/wp-content\/uploads\/2022\/06\/Sarah-NEROZZI-BANFI.pdf\">Sarah NEROZZI-BANFI<\/a><\/td><td>Les R\u00e9publicains<\/td><td>3\u00e8 circonscription 95<\/td><\/tr><tr><td><a href=\"https:\/\/www.clients.horus-informatique71.fr\/advocnar_backup\/wp-content\/uploads\/2022\/06\/Carine-PELEGRIN.pdf\">Carine PELEGRIN<\/a><\/td><td>NUPES \/ G\u00e9n\u00e9ration Ecologie<\/td><td>3\u00e8 circonscription 95<\/td><\/tr><tr><td><a href=\"https:\/\/www.clients.horus-informatique71.fr\/advocnar_backup\/wp-content\/uploads\/2022\/06\/Cecile-RILHAC.pdf\">C\u00e9cile RILHAC<\/a><\/td><td>Ensemble \/ En Commun<\/td><td>3\u00e8 Circonscription 95<\/td><\/tr><tr><td><a href=\"https:\/\/www.clients.horus-informatique71.fr\/advocnar_backup\/wp-content\/uploads\/2022\/06\/Andrijana-TOPUZOVIC.pdf\">Andrijana TOPUZOVIC<\/a><\/td><td>Les R\u00e9publicains<\/td><td>7\u00e8 circonscription 95<\/td><\/tr><\/tbody><\/table><\/figure>\n","protected":false},"excerpt":{"rendered":"<p>Dans le cadre des \u00e9lections l\u00e9gislatives 2022 en Ile-de-France, nos associations ont souhait\u00e9 recueillir la position des candidats des circonscriptions concern\u00e9es par les survols a\u00e9riens en provenance des a\u00e9roports de Roissy et du Bourget. Pour cela, un questionnaire a \u00e9t\u00e9 envoy\u00e9 par e-mail \u00e0 79 candidats (43 candidats des 10 circonscriptions du Val d\u2019Oise, 25 [&hellip;]<\/p>\n","protected":false},"author":10,"featured_media":78080,"comment_status":"closed","ping_status":"open","sticky":false,"template":"","format":"standard","meta":{"footnotes":""},"categories":[46],"tags":[],"yoast_head":"<!-- This site is optimized with the Yoast SEO plugin v22.0 - https:\/\/yoast.com\/wordpress\/plugins\/seo\/ -->\n<title>Elections l\u00e9gislatives 2022 : positionnement des candidats sur l&#039;avenir du trafic a\u00e9rien \u00e0 Roissy et au Bourget\u00a0 - Advocnar<\/title>\n<meta name=\"robots\" content=\"index, follow, max-snippet:-1, max-image-preview:large, max-video-preview:-1\" \/>\n<link rel=\"canonical\" href=\"https:\/\/www.clients.horus-informatique71.fr\/advocnar_backup\/2022\/06\/elections-legislatives-2022-positionnement-des-candidats-sur-lavenir-du-trafic-aerien-a-roissy-et-au-bourget\/\" \/>\n<meta property=\"og:locale\" content=\"fr_FR\" \/>\n<meta property=\"og:type\" content=\"article\" \/>\n<meta property=\"og:title\" content=\"Elections l\u00e9gislatives 2022 : positionnement des candidats sur l&#039;avenir du trafic a\u00e9rien \u00e0 Roissy et au Bourget\u00a0 - Advocnar\" \/>\n<meta property=\"og:description\" content=\"Dans le cadre des \u00e9lections l\u00e9gislatives 2022 en Ile-de-France, nos associations ont souhait\u00e9 recueillir la position des candidats des circonscriptions concern\u00e9es par les survols a\u00e9riens en provenance des a\u00e9roports de Roissy et du Bourget. Pour cela, un questionnaire a \u00e9t\u00e9 envoy\u00e9 par e-mail \u00e0 79 candidats (43 candidats des 10 circonscriptions du Val d\u2019Oise, 25 [&hellip;]\" \/>\n<meta property=\"og:url\" content=\"https:\/\/www.clients.horus-informatique71.fr\/advocnar_backup\/2022\/06\/elections-legislatives-2022-positionnement-des-candidats-sur-lavenir-du-trafic-aerien-a-roissy-et-au-bourget\/\" \/>\n<meta property=\"og:site_name\" content=\"Advocnar\" \/>\n<meta property=\"article:published_time\" content=\"2022-06-08T08:15:30+00:00\" \/>\n<meta property=\"article:modified_time\" content=\"2022-06-09T10:02:30+00:00\" \/>\n<meta property=\"og:image\" content=\"https:\/\/www.clients.horus-informatique71.fr\/advocnar_backup\/wp-content\/uploads\/2022\/06\/legislatives2022.jpg\" \/>\n\t<meta property=\"og:image:width\" content=\"1000\" \/>\n\t<meta property=\"og:image:height\" content=\"750\" \/>\n\t<meta property=\"og:image:type\" content=\"image\/jpeg\" \/>\n<meta name=\"author\" content=\"FBrochot\" \/>\n<meta name=\"twitter:card\" content=\"summary_large_image\" \/>\n<meta name=\"twitter:label1\" content=\"\u00c9crit par\" \/>\n\t<meta name=\"twitter:data1\" content=\"FBrochot\" \/>\n\t<meta name=\"twitter:label2\" content=\"Dur\u00e9e de lecture estim\u00e9e\" \/>\n\t<meta name=\"twitter:data2\" content=\"10 minutes\" \/>\n<script type=\"application\/ld+json\" class=\"yoast-schema-graph\">{\"@context\":\"https:\/\/schema.org\",\"@graph\":[{\"@type\":\"WebPage\",\"@id\":\"https:\/\/www.clients.horus-informatique71.fr\/advocnar_backup\/2022\/06\/elections-legislatives-2022-positionnement-des-candidats-sur-lavenir-du-trafic-aerien-a-roissy-et-au-bourget\/\",\"url\":\"https:\/\/www.clients.horus-informatique71.fr\/advocnar_backup\/2022\/06\/elections-legislatives-2022-positionnement-des-candidats-sur-lavenir-du-trafic-aerien-a-roissy-et-au-bourget\/\",\"name\":\"Elections l\u00e9gislatives 2022 : positionnement des candidats sur l'avenir du trafic a\u00e9rien \u00e0 Roissy et au Bourget\u00a0 - Advocnar\",\"isPartOf\":{\"@id\":\"https:\/\/www.clients.horus-informatique71.fr\/advocnar_backup\/#website\"},\"datePublished\":\"2022-06-08T08:15:30+00:00\",\"dateModified\":\"2022-06-09T10:02:30+00:00\",\"author\":{\"@id\":\"https:\/\/www.clients.horus-informatique71.fr\/advocnar_backup\/#\/schema\/person\/28ec283f897fb44e1146415d8015d23e\"},\"breadcrumb\":{\"@id\":\"https:\/\/www.clients.horus-informatique71.fr\/advocnar_backup\/2022\/06\/elections-legislatives-2022-positionnement-des-candidats-sur-lavenir-du-trafic-aerien-a-roissy-et-au-bourget\/#breadcrumb\"},\"inLanguage\":\"fr-FR\",\"potentialAction\":[{\"@type\":\"ReadAction\",\"target\":[\"https:\/\/www.clients.horus-informatique71.fr\/advocnar_backup\/2022\/06\/elections-legislatives-2022-positionnement-des-candidats-sur-lavenir-du-trafic-aerien-a-roissy-et-au-bourget\/\"]}]},{\"@type\":\"BreadcrumbList\",\"@id\":\"https:\/\/www.clients.horus-informatique71.fr\/advocnar_backup\/2022\/06\/elections-legislatives-2022-positionnement-des-candidats-sur-lavenir-du-trafic-aerien-a-roissy-et-au-bourget\/#breadcrumb\",\"itemListElement\":[{\"@type\":\"ListItem\",\"position\":1,\"name\":\"Accueil\",\"item\":\"https:\/\/www.clients.horus-informatique71.fr\/advocnar_backup\/\"},{\"@type\":\"ListItem\",\"position\":2,\"name\":\"Elections l\u00e9gislatives 2022 : positionnement des candidats sur l&rsquo;avenir du trafic a\u00e9rien \u00e0 Roissy et au Bourget\u00a0\"}]},{\"@type\":\"WebSite\",\"@id\":\"https:\/\/www.clients.horus-informatique71.fr\/advocnar_backup\/#website\",\"url\":\"https:\/\/www.clients.horus-informatique71.fr\/advocnar_backup\/\",\"name\":\"Advocnar\",\"description\":\"Association de D\u00e9fense Contre les Nuisances A\u00e9riennes\",\"potentialAction\":[{\"@type\":\"SearchAction\",\"target\":{\"@type\":\"EntryPoint\",\"urlTemplate\":\"https:\/\/www.clients.horus-informatique71.fr\/advocnar_backup\/?s={search_term_string}\"},\"query-input\":\"required name=search_term_string\"}],\"inLanguage\":\"fr-FR\"},{\"@type\":\"Person\",\"@id\":\"https:\/\/www.clients.horus-informatique71.fr\/advocnar_backup\/#\/schema\/person\/28ec283f897fb44e1146415d8015d23e\",\"name\":\"FBrochot\",\"url\":\"https:\/\/www.clients.horus-informatique71.fr\/advocnar_backup\/author\/fbrochot\/\"}]}<\/script>\n<!-- \/ Yoast SEO plugin. -->","yoast_head_json":{"title":"Elections l\u00e9gislatives 2022 : positionnement des candidats sur l'avenir du trafic a\u00e9rien \u00e0 Roissy et au Bourget\u00a0 - Advocnar","robots":{"index":"index","follow":"follow","max-snippet":"max-snippet:-1","max-image-preview":"max-image-preview:large","max-video-preview":"max-video-preview:-1"},"canonical":"https:\/\/www.clients.horus-informatique71.fr\/advocnar_backup\/2022\/06\/elections-legislatives-2022-positionnement-des-candidats-sur-lavenir-du-trafic-aerien-a-roissy-et-au-bourget\/","og_locale":"fr_FR","og_type":"article","og_title":"Elections l\u00e9gislatives 2022 : positionnement des candidats sur l'avenir du trafic a\u00e9rien \u00e0 Roissy et au Bourget\u00a0 - Advocnar","og_description":"Dans le cadre des \u00e9lections l\u00e9gislatives 2022 en Ile-de-France, nos associations ont souhait\u00e9 recueillir la position des candidats des circonscriptions concern\u00e9es par les survols a\u00e9riens en provenance des a\u00e9roports de Roissy et du Bourget. Pour cela, un questionnaire a \u00e9t\u00e9 envoy\u00e9 par e-mail \u00e0 79 candidats (43 candidats des 10 circonscriptions du Val d\u2019Oise, 25 [&hellip;]","og_url":"https:\/\/www.clients.horus-informatique71.fr\/advocnar_backup\/2022\/06\/elections-legislatives-2022-positionnement-des-candidats-sur-lavenir-du-trafic-aerien-a-roissy-et-au-bourget\/","og_site_name":"Advocnar","article_published_time":"2022-06-08T08:15:30+00:00","article_modified_time":"2022-06-09T10:02:30+00:00","og_image":[{"width":1000,"height":750,"url":"https:\/\/www.clients.horus-informatique71.fr\/advocnar_backup\/wp-content\/uploads\/2022\/06\/legislatives2022.jpg","type":"image\/jpeg"}],"author":"FBrochot","twitter_card":"summary_large_image","twitter_misc":{"\u00c9crit par":"FBrochot","Dur\u00e9e de lecture estim\u00e9e":"10 minutes"},"schema":{"@context":"https:\/\/schema.org","@graph":[{"@type":"WebPage","@id":"https:\/\/www.clients.horus-informatique71.fr\/advocnar_backup\/2022\/06\/elections-legislatives-2022-positionnement-des-candidats-sur-lavenir-du-trafic-aerien-a-roissy-et-au-bourget\/","url":"https:\/\/www.clients.horus-informatique71.fr\/advocnar_backup\/2022\/06\/elections-legislatives-2022-positionnement-des-candidats-sur-lavenir-du-trafic-aerien-a-roissy-et-au-bourget\/","name":"Elections l\u00e9gislatives 2022 : positionnement des candidats sur l'avenir du trafic a\u00e9rien \u00e0 Roissy et au Bourget\u00a0 - Advocnar","isPartOf":{"@id":"https:\/\/www.clients.horus-informatique71.fr\/advocnar_backup\/#website"},"datePublished":"2022-06-08T08:15:30+00:00","dateModified":"2022-06-09T10:02:30+00:00","author":{"@id":"https:\/\/www.clients.horus-informatique71.fr\/advocnar_backup\/#\/schema\/person\/28ec283f897fb44e1146415d8015d23e"},"breadcrumb":{"@id":"https:\/\/www.clients.horus-informatique71.fr\/advocnar_backup\/2022\/06\/elections-legislatives-2022-positionnement-des-candidats-sur-lavenir-du-trafic-aerien-a-roissy-et-au-bourget\/#breadcrumb"},"inLanguage":"fr-FR","potentialAction":[{"@type":"ReadAction","target":["https:\/\/www.clients.horus-informatique71.fr\/advocnar_backup\/2022\/06\/elections-legislatives-2022-positionnement-des-candidats-sur-lavenir-du-trafic-aerien-a-roissy-et-au-bourget\/"]}]},{"@type":"BreadcrumbList","@id":"https:\/\/www.clients.horus-informatique71.fr\/advocnar_backup\/2022\/06\/elections-legislatives-2022-positionnement-des-candidats-sur-lavenir-du-trafic-aerien-a-roissy-et-au-bourget\/#breadcrumb","itemListElement":[{"@type":"ListItem","position":1,"name":"Accueil","item":"https:\/\/www.clients.horus-informatique71.fr\/advocnar_backup\/"},{"@type":"ListItem","position":2,"name":"Elections l\u00e9gislatives 2022 : positionnement des candidats sur l&rsquo;avenir du trafic a\u00e9rien \u00e0 Roissy et au Bourget\u00a0"}]},{"@type":"WebSite","@id":"https:\/\/www.clients.horus-informatique71.fr\/advocnar_backup\/#website","url":"https:\/\/www.clients.horus-informatique71.fr\/advocnar_backup\/","name":"Advocnar","description":"Association de D\u00e9fense Contre les Nuisances A\u00e9riennes","potentialAction":[{"@type":"SearchAction","target":{"@type":"EntryPoint","urlTemplate":"https:\/\/www.clients.horus-informatique71.fr\/advocnar_backup\/?s={search_term_string}"},"query-input":"required name=search_term_string"}],"inLanguage":"fr-FR"},{"@type":"Person","@id":"https:\/\/www.clients.horus-informatique71.fr\/advocnar_backup\/#\/schema\/person\/28ec283f897fb44e1146415d8015d23e","name":"FBrochot","url":"https:\/\/www.clients.horus-informatique71.fr\/advocnar_backup\/author\/fbrochot\/"}]}},"_links":{"self":[{"href":"https:\/\/www.clients.horus-informatique71.fr\/advocnar_backup\/wp-json\/wp\/v2\/posts\/78027"}],"collection":[{"href":"https:\/\/www.clients.horus-informatique71.fr\/advocnar_backup\/wp-json\/wp\/v2\/posts"}],"about":[{"href":"https:\/\/www.clients.horus-informatique71.fr\/advocnar_backup\/wp-json\/wp\/v2\/types\/post"}],"author":[{"embeddable":true,"href":"https:\/\/www.clients.horus-informatique71.fr\/advocnar_backup\/wp-json\/wp\/v2\/users\/10"}],"replies":[{"embeddable":true,"href":"https:\/\/www.clients.horus-informatique71.fr\/advocnar_backup\/wp-json\/wp\/v2\/comments?post=78027"}],"version-history":[{"count":58,"href":"https:\/\/www.clients.horus-informatique71.fr\/advocnar_backup\/wp-json\/wp\/v2\/posts\/78027\/revisions"}],"predecessor-version":[{"id":78113,"href":"https:\/\/www.clients.horus-informatique71.fr\/advocnar_backup\/wp-json\/wp\/v2\/posts\/78027\/revisions\/78113"}],"wp:featuredmedia":[{"embeddable":true,"href":"https:\/\/www.clients.horus-informatique71.fr\/advocnar_backup\/wp-json\/wp\/v2\/media\/78080"}],"wp:attachment":[{"href":"https:\/\/www.clients.horus-informatique71.fr\/advocnar_backup\/wp-json\/wp\/v2\/media?parent=78027"}],"wp:term":[{"taxonomy":"category","embeddable":true,"href":"https:\/\/www.clients.horus-informatique71.fr\/advocnar_backup\/wp-json\/wp\/v2\/categories?post=78027"},{"taxonomy":"post_tag","embeddable":true,"href":"https:\/\/www.clients.horus-informatique71.fr\/advocnar_backup\/wp-json\/wp\/v2\/tags?post=78027"}],"curies":[{"name":"wp","href":"https:\/\/api.w.org\/{rel}","templated":true}]}}