{"id":78128,"date":"2022-07-01T15:05:00","date_gmt":"2022-07-01T13:05:00","guid":{"rendered":"https:\/\/www.clients.horus-informatique71.fr\/advocnar_backup\/?p=78128"},"modified":"2022-07-02T15:06:12","modified_gmt":"2022-07-02T13:06:12","slug":"limitation-des-vols-a-laeroport-damsterdam-schiphol-pour-la-sante-et-le-climat-faisons-la-meme-chose-a-roissy","status":"publish","type":"post","link":"https:\/\/www.clients.horus-informatique71.fr\/advocnar_backup\/2022\/07\/limitation-des-vols-a-laeroport-damsterdam-schiphol-pour-la-sante-et-le-climat-faisons-la-meme-chose-a-roissy\/","title":{"rendered":"Limitation des vols \u00e0 l\u2019a\u00e9roport d\u2019Amsterdam-Schiphol : pour la sant\u00e9 et le climat, faisons la m\u00eame chose \u00e0 Roissy !"},"content":{"rendered":"\n<div style=\"height:19px\" aria-hidden=\"true\" class=\"wp-block-spacer\"><\/div>\n\n\n\n<h4 class=\"has-text-align-center has-white-color has-vivid-green-cyan-background-color has-text-color has-background wp-block-heading\">COMMUNIQU\u00c9 DE PRESSE<\/h4>\n\n\n\n<div style=\"height:21px\" aria-hidden=\"true\" class=\"wp-block-spacer\"><\/div>\n\n\n\n<p>Face aux plaintes des riverains, les Pays-Bas ont annonc\u00e9 ce 24 juin leur projet de <strong>limiter le trafic de l\u2019a\u00e9roport Amsterdam-Schiphol \u00e0 un maximum de 440.000 vols par an<\/strong> \u00e0 partir de novembre 2023, contre une capacit\u00e9 de 500 000 atteinte avant la pand\u00e9mie de Covid-19.<\/p>\n\n\n\n<p>L\u2019objectif du gouvernement n\u00e9erlandais est de r\u00e9duire \u00e0 la fois la pollution sonore, la pollution atmosph\u00e9rique et les \u00e9missions de CO<sub>2<\/sub> afin de prot\u00e9ger la sant\u00e9 des habitants et le climat.<\/p>\n\n\n\n<p>Dans une lettre au Parlement, le gouvernement affirme qu\u2019 \u00ab avec ce nombre de vols, Schiphol peut maintenir son r\u00e9seau international de destinations \u00bb. Un \u00ab&nbsp;nouvel \u00e9quilibre&nbsp;\u00bb est n\u00e9cessaire entre \u00ab&nbsp;l\u2019importance d\u2019un bon a\u00e9roport international, d\u2019un bon climat d\u2019affaires et l\u2019importance d\u2019un environnement de vie meilleur et plus sain&nbsp;\u00bb, a d\u00e9clar\u00e9 le ministre Mark Harbers.<\/p>\n\n\n\n<p>Les associations de d\u00e9fense de l\u2019environnement et des riverains autour de l\u2019a\u00e9roport de Roissy-Charles de Gaulle se r\u00e9jouissent de cette <strong>d\u00e9cision responsable<\/strong>, <strong>b\u00e9n\u00e9fique pour les populations survol\u00e9es de la r\u00e9gion d\u2019Amsterdam ainsi que pour le climat<\/strong>.<\/p>\n\n\n\n<p>Cette d\u00e9marche va totalement dans le sens des directives et r\u00e8glements europ\u00e9ens sur la r\u00e9duction des pollutions sonores et chimiques autour des a\u00e9roports, et des \u00e9missions de gaz \u00e0 effet de serre de l\u2019aviation.<\/p>\n\n\n\n<p><strong>Ce qui est possible \u00e0 Amsterdam-Schiphol est aussi possible \u00e0 Roissy-Charles de Gaulle&nbsp;!<\/strong><\/p>\n\n\n\n<p>L\u2019a\u00e9roport international fran\u00e7ais avait accueilli en 2019 environ 500 000 mouvements d\u2019avions, l\u2019\u00e9quivalent de Schiphol. <strong>Nous demandons qu\u2019une d\u00e9cision politique soit prise<\/strong> <strong>pour que le trafic y soit limit\u00e9 \u00e0 440 000 vols par an<\/strong> \u00e0 court terme, puis que soit amorc\u00e9e une diminution du nombre de mouvements afin de prot\u00e9ger la sant\u00e9 des Franciliens.<\/p>\n\n\n\n<p>La r\u00e9duction du nombre de vols \u00e0 Roissy et sur toutes les plateformes est \u00e9galement une des mesures vraiment efficaces et incontournables pour permettre au secteur a\u00e9rien de faire d\u00e9cro\u00eetre ses \u00e9missions de CO<sub>2<\/sub> afin de respecter la courbe de r\u00e9duction des \u00e9missions fix\u00e9e dans le cadre de la Strat\u00e9gie Nationale Bas Carbone de la France.<\/p>\n\n\n\n<p><strong>Associations signataire:<\/strong><\/p>\n\n\n\n<p>ADVOCNAR &#8211; Collectif NON AU T4 &#8211; CSNA &#8211; Les Amis de la Terre Val d&rsquo;Oise &#8211; AREC &#8211; CIRENA &#8211; Collectif Pour le Triangle de Gonesse &#8211; DIRAP &#8211; Environnement 93 &#8211; FNE Ile-de-France &#8211; FNE Seine &amp; Marne &#8211; Greenpeace Paris &#8211; MNLE 93 et nord-est parisien &#8211; Notre Affaire \u00e0 Tous &#8211; ONASA &#8211; SOS Vall\u00e9e de Montmorency &#8211; UFCNA &#8211; Val d&rsquo;Oise Environnement<\/p>\n\n\n\n<hr class=\"wp-block-separator is-style-wide\"\/>\n\n\n\n<p><a href=\"https:\/\/www.clients.horus-informatique71.fr\/advocnar_backup\/wp-content\/uploads\/2022\/07\/2022-07-01-CP-Moins-de-vols-a-Schiphol-...-et-a-Roissy-CDG.pdf\">Lire le communiqu\u00e9 de presse<\/a><\/p>\n","protected":false},"excerpt":{"rendered":"<p>COMMUNIQU\u00c9 DE PRESSE Face aux plaintes des riverains, les Pays-Bas ont annonc\u00e9 ce 24 juin leur projet de limiter le trafic de l\u2019a\u00e9roport Amsterdam-Schiphol \u00e0 un maximum de 440.000 vols par an \u00e0 partir de novembre 2023, contre une capacit\u00e9 de 500 000 atteinte avant la pand\u00e9mie de Covid-19. L\u2019objectif du gouvernement n\u00e9erlandais est de [&hellip;]<\/p>\n","protected":false},"author":10,"featured_media":78127,"comment_status":"closed","ping_status":"open","sticky":false,"template":"","format":"standard","meta":{"footnotes":""},"categories":[46],"tags":[],"yoast_head":"<!-- This site is optimized with the Yoast SEO plugin v22.0 - https:\/\/yoast.com\/wordpress\/plugins\/seo\/ -->\n<title>Limitation des vols \u00e0 l\u2019a\u00e9roport d\u2019Amsterdam-Schiphol : pour la sant\u00e9 et le climat, faisons la m\u00eame chose \u00e0 Roissy ! - Advocnar<\/title>\n<meta name=\"robots\" content=\"index, follow, max-snippet:-1, max-image-preview:large, max-video-preview:-1\" \/>\n<link rel=\"canonical\" href=\"https:\/\/www.clients.horus-informatique71.fr\/advocnar_backup\/2022\/07\/limitation-des-vols-a-laeroport-damsterdam-schiphol-pour-la-sante-et-le-climat-faisons-la-meme-chose-a-roissy\/\" \/>\n<meta property=\"og:locale\" content=\"fr_FR\" \/>\n<meta property=\"og:type\" content=\"article\" \/>\n<meta property=\"og:title\" content=\"Limitation des vols \u00e0 l\u2019a\u00e9roport d\u2019Amsterdam-Schiphol : pour la sant\u00e9 et le climat, faisons la m\u00eame chose \u00e0 Roissy ! - Advocnar\" \/>\n<meta property=\"og:description\" content=\"COMMUNIQU\u00c9 DE PRESSE Face aux plaintes des riverains, les Pays-Bas ont annonc\u00e9 ce 24 juin leur projet de limiter le trafic de l\u2019a\u00e9roport Amsterdam-Schiphol \u00e0 un maximum de 440.000 vols par an \u00e0 partir de novembre 2023, contre une capacit\u00e9 de 500 000 atteinte avant la pand\u00e9mie de Covid-19. L\u2019objectif du gouvernement n\u00e9erlandais est de [&hellip;]\" \/>\n<meta property=\"og:url\" content=\"https:\/\/www.clients.horus-informatique71.fr\/advocnar_backup\/2022\/07\/limitation-des-vols-a-laeroport-damsterdam-schiphol-pour-la-sante-et-le-climat-faisons-la-meme-chose-a-roissy\/\" \/>\n<meta property=\"og:site_name\" content=\"Advocnar\" \/>\n<meta property=\"article:published_time\" content=\"2022-07-01T13:05:00+00:00\" \/>\n<meta property=\"article:modified_time\" content=\"2022-07-02T13:06:12+00:00\" \/>\n<meta property=\"og:image\" content=\"https:\/\/www.clients.horus-informatique71.fr\/advocnar_backup\/wp-content\/uploads\/2022\/07\/2022-07-01-Logos-CP-Schiphol.png\" \/>\n\t<meta property=\"og:image:width\" content=\"1027\" \/>\n\t<meta property=\"og:image:height\" content=\"770\" \/>\n\t<meta property=\"og:image:type\" content=\"image\/png\" \/>\n<meta name=\"author\" content=\"FBrochot\" \/>\n<meta name=\"twitter:card\" content=\"summary_large_image\" \/>\n<meta name=\"twitter:label1\" content=\"\u00c9crit par\" \/>\n\t<meta name=\"twitter:data1\" content=\"FBrochot\" \/>\n\t<meta name=\"twitter:label2\" content=\"Dur\u00e9e de lecture estim\u00e9e\" \/>\n\t<meta name=\"twitter:data2\" content=\"2 minutes\" \/>\n<script type=\"application\/ld+json\" class=\"yoast-schema-graph\">{\"@context\":\"https:\/\/schema.org\",\"@graph\":[{\"@type\":\"WebPage\",\"@id\":\"https:\/\/www.clients.horus-informatique71.fr\/advocnar_backup\/2022\/07\/limitation-des-vols-a-laeroport-damsterdam-schiphol-pour-la-sante-et-le-climat-faisons-la-meme-chose-a-roissy\/\",\"url\":\"https:\/\/www.clients.horus-informatique71.fr\/advocnar_backup\/2022\/07\/limitation-des-vols-a-laeroport-damsterdam-schiphol-pour-la-sante-et-le-climat-faisons-la-meme-chose-a-roissy\/\",\"name\":\"Limitation des vols \u00e0 l\u2019a\u00e9roport d\u2019Amsterdam-Schiphol : pour la sant\u00e9 et le climat, faisons la m\u00eame chose \u00e0 Roissy ! - Advocnar\",\"isPartOf\":{\"@id\":\"https:\/\/www.clients.horus-informatique71.fr\/advocnar_backup\/#website\"},\"datePublished\":\"2022-07-01T13:05:00+00:00\",\"dateModified\":\"2022-07-02T13:06:12+00:00\",\"author\":{\"@id\":\"https:\/\/www.clients.horus-informatique71.fr\/advocnar_backup\/#\/schema\/person\/28ec283f897fb44e1146415d8015d23e\"},\"breadcrumb\":{\"@id\":\"https:\/\/www.clients.horus-informatique71.fr\/advocnar_backup\/2022\/07\/limitation-des-vols-a-laeroport-damsterdam-schiphol-pour-la-sante-et-le-climat-faisons-la-meme-chose-a-roissy\/#breadcrumb\"},\"inLanguage\":\"fr-FR\",\"potentialAction\":[{\"@type\":\"ReadAction\",\"target\":[\"https:\/\/www.clients.horus-informatique71.fr\/advocnar_backup\/2022\/07\/limitation-des-vols-a-laeroport-damsterdam-schiphol-pour-la-sante-et-le-climat-faisons-la-meme-chose-a-roissy\/\"]}]},{\"@type\":\"BreadcrumbList\",\"@id\":\"https:\/\/www.clients.horus-informatique71.fr\/advocnar_backup\/2022\/07\/limitation-des-vols-a-laeroport-damsterdam-schiphol-pour-la-sante-et-le-climat-faisons-la-meme-chose-a-roissy\/#breadcrumb\",\"itemListElement\":[{\"@type\":\"ListItem\",\"position\":1,\"name\":\"Accueil\",\"item\":\"https:\/\/www.clients.horus-informatique71.fr\/advocnar_backup\/\"},{\"@type\":\"ListItem\",\"position\":2,\"name\":\"Limitation des vols \u00e0 l\u2019a\u00e9roport d\u2019Amsterdam-Schiphol : pour la sant\u00e9 et le climat, faisons la m\u00eame chose \u00e0 Roissy !\"}]},{\"@type\":\"WebSite\",\"@id\":\"https:\/\/www.clients.horus-informatique71.fr\/advocnar_backup\/#website\",\"url\":\"https:\/\/www.clients.horus-informatique71.fr\/advocnar_backup\/\",\"name\":\"Advocnar\",\"description\":\"Association de D\u00e9fense Contre les Nuisances A\u00e9riennes\",\"potentialAction\":[{\"@type\":\"SearchAction\",\"target\":{\"@type\":\"EntryPoint\",\"urlTemplate\":\"https:\/\/www.clients.horus-informatique71.fr\/advocnar_backup\/?s={search_term_string}\"},\"query-input\":\"required name=search_term_string\"}],\"inLanguage\":\"fr-FR\"},{\"@type\":\"Person\",\"@id\":\"https:\/\/www.clients.horus-informatique71.fr\/advocnar_backup\/#\/schema\/person\/28ec283f897fb44e1146415d8015d23e\",\"name\":\"FBrochot\",\"url\":\"https:\/\/www.clients.horus-informatique71.fr\/advocnar_backup\/author\/fbrochot\/\"}]}<\/script>\n<!-- \/ Yoast SEO plugin. -->","yoast_head_json":{"title":"Limitation des vols \u00e0 l\u2019a\u00e9roport d\u2019Amsterdam-Schiphol : pour la sant\u00e9 et le climat, faisons la m\u00eame chose \u00e0 Roissy ! - Advocnar","robots":{"index":"index","follow":"follow","max-snippet":"max-snippet:-1","max-image-preview":"max-image-preview:large","max-video-preview":"max-video-preview:-1"},"canonical":"https:\/\/www.clients.horus-informatique71.fr\/advocnar_backup\/2022\/07\/limitation-des-vols-a-laeroport-damsterdam-schiphol-pour-la-sante-et-le-climat-faisons-la-meme-chose-a-roissy\/","og_locale":"fr_FR","og_type":"article","og_title":"Limitation des vols \u00e0 l\u2019a\u00e9roport d\u2019Amsterdam-Schiphol : pour la sant\u00e9 et le climat, faisons la m\u00eame chose \u00e0 Roissy ! - Advocnar","og_description":"COMMUNIQU\u00c9 DE PRESSE Face aux plaintes des riverains, les Pays-Bas ont annonc\u00e9 ce 24 juin leur projet de limiter le trafic de l\u2019a\u00e9roport Amsterdam-Schiphol \u00e0 un maximum de 440.000 vols par an \u00e0 partir de novembre 2023, contre une capacit\u00e9 de 500 000 atteinte avant la pand\u00e9mie de Covid-19. L\u2019objectif du gouvernement n\u00e9erlandais est de [&hellip;]","og_url":"https:\/\/www.clients.horus-informatique71.fr\/advocnar_backup\/2022\/07\/limitation-des-vols-a-laeroport-damsterdam-schiphol-pour-la-sante-et-le-climat-faisons-la-meme-chose-a-roissy\/","og_site_name":"Advocnar","article_published_time":"2022-07-01T13:05:00+00:00","article_modified_time":"2022-07-02T13:06:12+00:00","og_image":[{"width":1027,"height":770,"url":"https:\/\/www.clients.horus-informatique71.fr\/advocnar_backup\/wp-content\/uploads\/2022\/07\/2022-07-01-Logos-CP-Schiphol.png","type":"image\/png"}],"author":"FBrochot","twitter_card":"summary_large_image","twitter_misc":{"\u00c9crit par":"FBrochot","Dur\u00e9e de lecture estim\u00e9e":"2 minutes"},"schema":{"@context":"https:\/\/schema.org","@graph":[{"@type":"WebPage","@id":"https:\/\/www.clients.horus-informatique71.fr\/advocnar_backup\/2022\/07\/limitation-des-vols-a-laeroport-damsterdam-schiphol-pour-la-sante-et-le-climat-faisons-la-meme-chose-a-roissy\/","url":"https:\/\/www.clients.horus-informatique71.fr\/advocnar_backup\/2022\/07\/limitation-des-vols-a-laeroport-damsterdam-schiphol-pour-la-sante-et-le-climat-faisons-la-meme-chose-a-roissy\/","name":"Limitation des vols \u00e0 l\u2019a\u00e9roport d\u2019Amsterdam-Schiphol : pour la sant\u00e9 et le climat, faisons la m\u00eame chose \u00e0 Roissy ! - Advocnar","isPartOf":{"@id":"https:\/\/www.clients.horus-informatique71.fr\/advocnar_backup\/#website"},"datePublished":"2022-07-01T13:05:00+00:00","dateModified":"2022-07-02T13:06:12+00:00","author":{"@id":"https:\/\/www.clients.horus-informatique71.fr\/advocnar_backup\/#\/schema\/person\/28ec283f897fb44e1146415d8015d23e"},"breadcrumb":{"@id":"https:\/\/www.clients.horus-informatique71.fr\/advocnar_backup\/2022\/07\/limitation-des-vols-a-laeroport-damsterdam-schiphol-pour-la-sante-et-le-climat-faisons-la-meme-chose-a-roissy\/#breadcrumb"},"inLanguage":"fr-FR","potentialAction":[{"@type":"ReadAction","target":["https:\/\/www.clients.horus-informatique71.fr\/advocnar_backup\/2022\/07\/limitation-des-vols-a-laeroport-damsterdam-schiphol-pour-la-sante-et-le-climat-faisons-la-meme-chose-a-roissy\/"]}]},{"@type":"BreadcrumbList","@id":"https:\/\/www.clients.horus-informatique71.fr\/advocnar_backup\/2022\/07\/limitation-des-vols-a-laeroport-damsterdam-schiphol-pour-la-sante-et-le-climat-faisons-la-meme-chose-a-roissy\/#breadcrumb","itemListElement":[{"@type":"ListItem","position":1,"name":"Accueil","item":"https:\/\/www.clients.horus-informatique71.fr\/advocnar_backup\/"},{"@type":"ListItem","position":2,"name":"Limitation des vols \u00e0 l\u2019a\u00e9roport d\u2019Amsterdam-Schiphol : pour la sant\u00e9 et le climat, faisons la m\u00eame chose \u00e0 Roissy !"}]},{"@type":"WebSite","@id":"https:\/\/www.clients.horus-informatique71.fr\/advocnar_backup\/#website","url":"https:\/\/www.clients.horus-informatique71.fr\/advocnar_backup\/","name":"Advocnar","description":"Association de D\u00e9fense Contre les Nuisances A\u00e9riennes","potentialAction":[{"@type":"SearchAction","target":{"@type":"EntryPoint","urlTemplate":"https:\/\/www.clients.horus-informatique71.fr\/advocnar_backup\/?s={search_term_string}"},"query-input":"required name=search_term_string"}],"inLanguage":"fr-FR"},{"@type":"Person","@id":"https:\/\/www.clients.horus-informatique71.fr\/advocnar_backup\/#\/schema\/person\/28ec283f897fb44e1146415d8015d23e","name":"FBrochot","url":"https:\/\/www.clients.horus-informatique71.fr\/advocnar_backup\/author\/fbrochot\/"}]}},"_links":{"self":[{"href":"https:\/\/www.clients.horus-informatique71.fr\/advocnar_backup\/wp-json\/wp\/v2\/posts\/78128"}],"collection":[{"href":"https:\/\/www.clients.horus-informatique71.fr\/advocnar_backup\/wp-json\/wp\/v2\/posts"}],"about":[{"href":"https:\/\/www.clients.horus-informatique71.fr\/advocnar_backup\/wp-json\/wp\/v2\/types\/post"}],"author":[{"embeddable":true,"href":"https:\/\/www.clients.horus-informatique71.fr\/advocnar_backup\/wp-json\/wp\/v2\/users\/10"}],"replies":[{"embeddable":true,"href":"https:\/\/www.clients.horus-informatique71.fr\/advocnar_backup\/wp-json\/wp\/v2\/comments?post=78128"}],"version-history":[{"count":5,"href":"https:\/\/www.clients.horus-informatique71.fr\/advocnar_backup\/wp-json\/wp\/v2\/posts\/78128\/revisions"}],"predecessor-version":[{"id":78133,"href":"https:\/\/www.clients.horus-informatique71.fr\/advocnar_backup\/wp-json\/wp\/v2\/posts\/78128\/revisions\/78133"}],"wp:featuredmedia":[{"embeddable":true,"href":"https:\/\/www.clients.horus-informatique71.fr\/advocnar_backup\/wp-json\/wp\/v2\/media\/78127"}],"wp:attachment":[{"href":"https:\/\/www.clients.horus-informatique71.fr\/advocnar_backup\/wp-json\/wp\/v2\/media?parent=78128"}],"wp:term":[{"taxonomy":"category","embeddable":true,"href":"https:\/\/www.clients.horus-informatique71.fr\/advocnar_backup\/wp-json\/wp\/v2\/categories?post=78128"},{"taxonomy":"post_tag","embeddable":true,"href":"https:\/\/www.clients.horus-informatique71.fr\/advocnar_backup\/wp-json\/wp\/v2\/tags?post=78128"}],"curies":[{"name":"wp","href":"https:\/\/api.w.org\/{rel}","templated":true}]}}