{"id":78148,"date":"2022-07-02T09:55:00","date_gmt":"2022-07-02T07:55:00","guid":{"rendered":"https:\/\/www.clients.horus-informatique71.fr\/advocnar_backup\/?p=78148"},"modified":"2022-07-10T09:56:19","modified_gmt":"2022-07-10T07:56:19","slug":"les-riverains-de-laeroport-de-roissy-demandent-de-limiter-les-vols","status":"publish","type":"post","link":"https:\/\/www.clients.horus-informatique71.fr\/advocnar_backup\/2022\/07\/les-riverains-de-laeroport-de-roissy-demandent-de-limiter-les-vols\/","title":{"rendered":"Les riverains de l&rsquo;a\u00e9roport de Roissy demandent de limiter les vols"},"content":{"rendered":"\n<h4 class=\"wp-block-heading\">02.07.2022 &#8211; La Tribune<\/h4>\n\n\n\n<div style=\"height:23px\" aria-hidden=\"true\" class=\"wp-block-spacer\"><\/div>\n\n\n\n<h5 class=\"wp-block-heading\">Riverains et ONG s&rsquo;inspirent d&rsquo;une d\u00e9cision adopt\u00e9e par le gouvernement n\u00e9erlandais pour l&rsquo;a\u00e9roport d&rsquo;Amsterdam-Schiphol. Ils r\u00e9clament un plafonnement \u00e0 440.000 vols par an.<\/h5>\n\n\n\n<p><em>L&rsquo;a\u00e9roport fran\u00e7ais a \u00ab\u00a0accueilli en 2019 environ 500.000 mouvements d&rsquo;avions\u00a0\u00bb, selon les riverains et les ONG. <\/em><\/p>\n\n\n\n<p>La mesure annonc\u00e9e aux Pays-Bas pour l&rsquo;a\u00e9roport d&rsquo;Amsterdam-Schiphol pla\u00eet aux riverains de Roissy-Charles-de-Gaulle (CDG), ainsi qu&rsquo;aux associations de d\u00e9fense de l&rsquo;environnement. Le 24 juin, le gouvernement n\u00e9erlandais a fix\u00e9 \u00e0 440.000 le nombre maximum de vols par an \u00e0 Schiphol, contre 500.000 avant la pand\u00e9mie de Covid-19, afin de lutter contre la pollution sonore.<\/p>\n\n\n\n<p>Dans <a href=\"https:\/\/www.clients.horus-informatique71.fr\/advocnar_backup\/2022\/07\/limitation-des-vols-a-laeroport-damsterdam-schiphol-pour-la-sante-et-le-climat-faisons-la-meme-chose-a-roissy\/\">un communiqu\u00e9<\/a>, les riverains de CDG et des ONG, cit\u00e9s par l&rsquo;AFP, <em>\u00ab\u00a0se r\u00e9jouissent de cette d\u00e9cision responsable, b\u00e9n\u00e9fique pour les populations survol\u00e9es de la r\u00e9gion d&rsquo;Amsterdam ainsi que pour le climat\u00a0\u00bb.<\/em> Ils demandent donc le m\u00eame plafonnement:<\/p>\n\n\n\n<p>\u00ab\u00a0Ce qui est possible \u00e0 Amsterdam-Schiphol est aussi possible \u00e0 Roissy-Charles-de-Gaulle!\u00a0\u00bb, assurent-elles.<\/p>\n\n\n\n<p><strong>Un effet positif sur le climat<\/strong><\/p>\n\n\n\n<p>L&rsquo;a\u00e9roport fran\u00e7ais a \u00ab\u00a0accueilli en 2019 environ 500.000 mouvements d&rsquo;avions, l&rsquo;\u00e9quivalent de Schiphol. Nous demandons qu&rsquo;une d\u00e9cision politique soit prise pour que le trafic y soit limit\u00e9 \u00e0 440.000 vols par an \u00e0 court terme, puis que soit amorc\u00e9e une diminution du nombre de mouvements afin de prot\u00e9ger la sant\u00e9 des Franciliens\u00a0\u00bb, pr\u00e9cisent-ils dans le communiqu\u00e9.<\/p>\n\n\n\n<p>Cette limitation constituerait <em>\u00ab\u00a0\u00e9galement une des mesures vraiment efficaces et incontournables pour permettre au secteur a\u00e9rien de faire d\u00e9cro\u00eetre ses \u00e9missions de CO2 afin de respecter la courbe de r\u00e9duction des \u00e9missions fix\u00e9e dans le cadre de la Strat\u00e9gie nationale bas carbone de la France\u00a0\u00bb,<\/em> estiment les associations, parmi lesquelles figurent l&rsquo;Association de d\u00e9fense contre les nuisances a\u00e9riennes (ADVOCNAR) et les branches locales de France Nature Environnement et Greenpeace.<\/p>\n\n\n\n<p><strong>Pas de limitation des cr\u00e9neaux \u00e0 Roissy<\/strong><\/p>\n\n\n\n<p>L&rsquo;a\u00e9roport d&rsquo;Orly est soumis \u00e0 une limitation des cr\u00e9neaux a\u00e9roportuaires (250.000 mouvements par an), mais pas Roissy. D\u00e9but juin, dans son rapport annuel, l&rsquo;Autorit\u00e9 ind\u00e9pendante charg\u00e9e de contr\u00f4le des nuisances a\u00e9roportuaires (ACNUSA) avait constat\u00e9 un meilleur respect des r\u00e8gles environnementales (bruit et pollution atmosph\u00e9rique) par les grandes compagnies a\u00e9riennes en 2021. Elle avait toutefois appel\u00e9 \u00e0 une<em> \u00ab\u00a0tr\u00e8s grande vigilance\u00a0\u00bb<\/em> \u00e0 Roissy en raison de la remont\u00e9e pr\u00e9visible du trafic, en particulier nocturne, apr\u00e8s la crise sanitaire du Covid.<\/p>\n\n\n\n<p><a href=\"https:\/\/www.latribune.fr\/entreprises-finance\/industrie\/aeronautique-defense\/les-riverains-de-l-aeroport-de-roissy-demandent-de-limiter-les-vols-924250.html\">latribune.fr<\/a><\/p>\n","protected":false},"excerpt":{"rendered":"<p>02.07.2022 &#8211; La Tribune Riverains et ONG s&rsquo;inspirent d&rsquo;une d\u00e9cision adopt\u00e9e par le gouvernement n\u00e9erlandais pour l&rsquo;a\u00e9roport d&rsquo;Amsterdam-Schiphol. Ils r\u00e9clament un plafonnement \u00e0 440.000 vols par an. L&rsquo;a\u00e9roport fran\u00e7ais a \u00ab\u00a0accueilli en 2019 environ 500.000 mouvements d&rsquo;avions\u00a0\u00bb, selon les riverains et les ONG. La mesure annonc\u00e9e aux Pays-Bas pour l&rsquo;a\u00e9roport d&rsquo;Amsterdam-Schiphol pla\u00eet aux riverains de [&hellip;]<\/p>\n","protected":false},"author":10,"featured_media":78147,"comment_status":"closed","ping_status":"open","sticky":false,"template":"","format":"standard","meta":{"footnotes":""},"categories":[49],"tags":[],"yoast_head":"<!-- This site is optimized with the Yoast SEO plugin v22.0 - https:\/\/yoast.com\/wordpress\/plugins\/seo\/ -->\n<title>Les riverains de l&#039;a\u00e9roport de Roissy demandent de limiter les vols - Advocnar<\/title>\n<meta name=\"robots\" content=\"index, follow, max-snippet:-1, max-image-preview:large, max-video-preview:-1\" \/>\n<link rel=\"canonical\" href=\"https:\/\/www.clients.horus-informatique71.fr\/advocnar_backup\/2022\/07\/les-riverains-de-laeroport-de-roissy-demandent-de-limiter-les-vols\/\" \/>\n<meta property=\"og:locale\" content=\"fr_FR\" \/>\n<meta property=\"og:type\" content=\"article\" \/>\n<meta property=\"og:title\" content=\"Les riverains de l&#039;a\u00e9roport de Roissy demandent de limiter les vols - Advocnar\" \/>\n<meta property=\"og:description\" content=\"02.07.2022 &#8211; La Tribune Riverains et ONG s&rsquo;inspirent d&rsquo;une d\u00e9cision adopt\u00e9e par le gouvernement n\u00e9erlandais pour l&rsquo;a\u00e9roport d&rsquo;Amsterdam-Schiphol. Ils r\u00e9clament un plafonnement \u00e0 440.000 vols par an. L&rsquo;a\u00e9roport fran\u00e7ais a \u00ab\u00a0accueilli en 2019 environ 500.000 mouvements d&rsquo;avions\u00a0\u00bb, selon les riverains et les ONG. La mesure annonc\u00e9e aux Pays-Bas pour l&rsquo;a\u00e9roport d&rsquo;Amsterdam-Schiphol pla\u00eet aux riverains de [&hellip;]\" \/>\n<meta property=\"og:url\" content=\"https:\/\/www.clients.horus-informatique71.fr\/advocnar_backup\/2022\/07\/les-riverains-de-laeroport-de-roissy-demandent-de-limiter-les-vols\/\" \/>\n<meta property=\"og:site_name\" content=\"Advocnar\" \/>\n<meta property=\"article:published_time\" content=\"2022-07-02T07:55:00+00:00\" \/>\n<meta property=\"article:modified_time\" content=\"2022-07-10T07:56:19+00:00\" \/>\n<meta property=\"og:image\" content=\"https:\/\/www.clients.horus-informatique71.fr\/advocnar_backup\/wp-content\/uploads\/2022\/07\/Roissy-CDG-scaled.jpg\" \/>\n\t<meta property=\"og:image:width\" content=\"2560\" \/>\n\t<meta property=\"og:image:height\" content=\"1920\" \/>\n\t<meta property=\"og:image:type\" content=\"image\/jpeg\" \/>\n<meta name=\"author\" content=\"FBrochot\" \/>\n<meta name=\"twitter:card\" content=\"summary_large_image\" \/>\n<meta name=\"twitter:label1\" content=\"\u00c9crit par\" \/>\n\t<meta name=\"twitter:data1\" content=\"FBrochot\" \/>\n\t<meta name=\"twitter:label2\" content=\"Dur\u00e9e de lecture estim\u00e9e\" \/>\n\t<meta name=\"twitter:data2\" content=\"2 minutes\" \/>\n<script type=\"application\/ld+json\" class=\"yoast-schema-graph\">{\"@context\":\"https:\/\/schema.org\",\"@graph\":[{\"@type\":\"WebPage\",\"@id\":\"https:\/\/www.clients.horus-informatique71.fr\/advocnar_backup\/2022\/07\/les-riverains-de-laeroport-de-roissy-demandent-de-limiter-les-vols\/\",\"url\":\"https:\/\/www.clients.horus-informatique71.fr\/advocnar_backup\/2022\/07\/les-riverains-de-laeroport-de-roissy-demandent-de-limiter-les-vols\/\",\"name\":\"Les riverains de l'a\u00e9roport de Roissy demandent de limiter les vols - Advocnar\",\"isPartOf\":{\"@id\":\"https:\/\/www.clients.horus-informatique71.fr\/advocnar_backup\/#website\"},\"datePublished\":\"2022-07-02T07:55:00+00:00\",\"dateModified\":\"2022-07-10T07:56:19+00:00\",\"author\":{\"@id\":\"https:\/\/www.clients.horus-informatique71.fr\/advocnar_backup\/#\/schema\/person\/28ec283f897fb44e1146415d8015d23e\"},\"breadcrumb\":{\"@id\":\"https:\/\/www.clients.horus-informatique71.fr\/advocnar_backup\/2022\/07\/les-riverains-de-laeroport-de-roissy-demandent-de-limiter-les-vols\/#breadcrumb\"},\"inLanguage\":\"fr-FR\",\"potentialAction\":[{\"@type\":\"ReadAction\",\"target\":[\"https:\/\/www.clients.horus-informatique71.fr\/advocnar_backup\/2022\/07\/les-riverains-de-laeroport-de-roissy-demandent-de-limiter-les-vols\/\"]}]},{\"@type\":\"BreadcrumbList\",\"@id\":\"https:\/\/www.clients.horus-informatique71.fr\/advocnar_backup\/2022\/07\/les-riverains-de-laeroport-de-roissy-demandent-de-limiter-les-vols\/#breadcrumb\",\"itemListElement\":[{\"@type\":\"ListItem\",\"position\":1,\"name\":\"Accueil\",\"item\":\"https:\/\/www.clients.horus-informatique71.fr\/advocnar_backup\/\"},{\"@type\":\"ListItem\",\"position\":2,\"name\":\"Les riverains de l&rsquo;a\u00e9roport de Roissy demandent de limiter les vols\"}]},{\"@type\":\"WebSite\",\"@id\":\"https:\/\/www.clients.horus-informatique71.fr\/advocnar_backup\/#website\",\"url\":\"https:\/\/www.clients.horus-informatique71.fr\/advocnar_backup\/\",\"name\":\"Advocnar\",\"description\":\"Association de D\u00e9fense Contre les Nuisances A\u00e9riennes\",\"potentialAction\":[{\"@type\":\"SearchAction\",\"target\":{\"@type\":\"EntryPoint\",\"urlTemplate\":\"https:\/\/www.clients.horus-informatique71.fr\/advocnar_backup\/?s={search_term_string}\"},\"query-input\":\"required name=search_term_string\"}],\"inLanguage\":\"fr-FR\"},{\"@type\":\"Person\",\"@id\":\"https:\/\/www.clients.horus-informatique71.fr\/advocnar_backup\/#\/schema\/person\/28ec283f897fb44e1146415d8015d23e\",\"name\":\"FBrochot\",\"url\":\"https:\/\/www.clients.horus-informatique71.fr\/advocnar_backup\/author\/fbrochot\/\"}]}<\/script>\n<!-- \/ Yoast SEO plugin. -->","yoast_head_json":{"title":"Les riverains de l'a\u00e9roport de Roissy demandent de limiter les vols - Advocnar","robots":{"index":"index","follow":"follow","max-snippet":"max-snippet:-1","max-image-preview":"max-image-preview:large","max-video-preview":"max-video-preview:-1"},"canonical":"https:\/\/www.clients.horus-informatique71.fr\/advocnar_backup\/2022\/07\/les-riverains-de-laeroport-de-roissy-demandent-de-limiter-les-vols\/","og_locale":"fr_FR","og_type":"article","og_title":"Les riverains de l'a\u00e9roport de Roissy demandent de limiter les vols - Advocnar","og_description":"02.07.2022 &#8211; La Tribune Riverains et ONG s&rsquo;inspirent d&rsquo;une d\u00e9cision adopt\u00e9e par le gouvernement n\u00e9erlandais pour l&rsquo;a\u00e9roport d&rsquo;Amsterdam-Schiphol. Ils r\u00e9clament un plafonnement \u00e0 440.000 vols par an. L&rsquo;a\u00e9roport fran\u00e7ais a \u00ab\u00a0accueilli en 2019 environ 500.000 mouvements d&rsquo;avions\u00a0\u00bb, selon les riverains et les ONG. La mesure annonc\u00e9e aux Pays-Bas pour l&rsquo;a\u00e9roport d&rsquo;Amsterdam-Schiphol pla\u00eet aux riverains de [&hellip;]","og_url":"https:\/\/www.clients.horus-informatique71.fr\/advocnar_backup\/2022\/07\/les-riverains-de-laeroport-de-roissy-demandent-de-limiter-les-vols\/","og_site_name":"Advocnar","article_published_time":"2022-07-02T07:55:00+00:00","article_modified_time":"2022-07-10T07:56:19+00:00","og_image":[{"width":2560,"height":1920,"url":"https:\/\/www.clients.horus-informatique71.fr\/advocnar_backup\/wp-content\/uploads\/2022\/07\/Roissy-CDG-scaled.jpg","type":"image\/jpeg"}],"author":"FBrochot","twitter_card":"summary_large_image","twitter_misc":{"\u00c9crit par":"FBrochot","Dur\u00e9e de lecture estim\u00e9e":"2 minutes"},"schema":{"@context":"https:\/\/schema.org","@graph":[{"@type":"WebPage","@id":"https:\/\/www.clients.horus-informatique71.fr\/advocnar_backup\/2022\/07\/les-riverains-de-laeroport-de-roissy-demandent-de-limiter-les-vols\/","url":"https:\/\/www.clients.horus-informatique71.fr\/advocnar_backup\/2022\/07\/les-riverains-de-laeroport-de-roissy-demandent-de-limiter-les-vols\/","name":"Les riverains de l'a\u00e9roport de Roissy demandent de limiter les vols - Advocnar","isPartOf":{"@id":"https:\/\/www.clients.horus-informatique71.fr\/advocnar_backup\/#website"},"datePublished":"2022-07-02T07:55:00+00:00","dateModified":"2022-07-10T07:56:19+00:00","author":{"@id":"https:\/\/www.clients.horus-informatique71.fr\/advocnar_backup\/#\/schema\/person\/28ec283f897fb44e1146415d8015d23e"},"breadcrumb":{"@id":"https:\/\/www.clients.horus-informatique71.fr\/advocnar_backup\/2022\/07\/les-riverains-de-laeroport-de-roissy-demandent-de-limiter-les-vols\/#breadcrumb"},"inLanguage":"fr-FR","potentialAction":[{"@type":"ReadAction","target":["https:\/\/www.clients.horus-informatique71.fr\/advocnar_backup\/2022\/07\/les-riverains-de-laeroport-de-roissy-demandent-de-limiter-les-vols\/"]}]},{"@type":"BreadcrumbList","@id":"https:\/\/www.clients.horus-informatique71.fr\/advocnar_backup\/2022\/07\/les-riverains-de-laeroport-de-roissy-demandent-de-limiter-les-vols\/#breadcrumb","itemListElement":[{"@type":"ListItem","position":1,"name":"Accueil","item":"https:\/\/www.clients.horus-informatique71.fr\/advocnar_backup\/"},{"@type":"ListItem","position":2,"name":"Les riverains de l&rsquo;a\u00e9roport de Roissy demandent de limiter les vols"}]},{"@type":"WebSite","@id":"https:\/\/www.clients.horus-informatique71.fr\/advocnar_backup\/#website","url":"https:\/\/www.clients.horus-informatique71.fr\/advocnar_backup\/","name":"Advocnar","description":"Association de D\u00e9fense Contre les Nuisances A\u00e9riennes","potentialAction":[{"@type":"SearchAction","target":{"@type":"EntryPoint","urlTemplate":"https:\/\/www.clients.horus-informatique71.fr\/advocnar_backup\/?s={search_term_string}"},"query-input":"required name=search_term_string"}],"inLanguage":"fr-FR"},{"@type":"Person","@id":"https:\/\/www.clients.horus-informatique71.fr\/advocnar_backup\/#\/schema\/person\/28ec283f897fb44e1146415d8015d23e","name":"FBrochot","url":"https:\/\/www.clients.horus-informatique71.fr\/advocnar_backup\/author\/fbrochot\/"}]}},"_links":{"self":[{"href":"https:\/\/www.clients.horus-informatique71.fr\/advocnar_backup\/wp-json\/wp\/v2\/posts\/78148"}],"collection":[{"href":"https:\/\/www.clients.horus-informatique71.fr\/advocnar_backup\/wp-json\/wp\/v2\/posts"}],"about":[{"href":"https:\/\/www.clients.horus-informatique71.fr\/advocnar_backup\/wp-json\/wp\/v2\/types\/post"}],"author":[{"embeddable":true,"href":"https:\/\/www.clients.horus-informatique71.fr\/advocnar_backup\/wp-json\/wp\/v2\/users\/10"}],"replies":[{"embeddable":true,"href":"https:\/\/www.clients.horus-informatique71.fr\/advocnar_backup\/wp-json\/wp\/v2\/comments?post=78148"}],"version-history":[{"count":6,"href":"https:\/\/www.clients.horus-informatique71.fr\/advocnar_backup\/wp-json\/wp\/v2\/posts\/78148\/revisions"}],"predecessor-version":[{"id":78154,"href":"https:\/\/www.clients.horus-informatique71.fr\/advocnar_backup\/wp-json\/wp\/v2\/posts\/78148\/revisions\/78154"}],"wp:featuredmedia":[{"embeddable":true,"href":"https:\/\/www.clients.horus-informatique71.fr\/advocnar_backup\/wp-json\/wp\/v2\/media\/78147"}],"wp:attachment":[{"href":"https:\/\/www.clients.horus-informatique71.fr\/advocnar_backup\/wp-json\/wp\/v2\/media?parent=78148"}],"wp:term":[{"taxonomy":"category","embeddable":true,"href":"https:\/\/www.clients.horus-informatique71.fr\/advocnar_backup\/wp-json\/wp\/v2\/categories?post=78148"},{"taxonomy":"post_tag","embeddable":true,"href":"https:\/\/www.clients.horus-informatique71.fr\/advocnar_backup\/wp-json\/wp\/v2\/tags?post=78148"}],"curies":[{"name":"wp","href":"https:\/\/api.w.org\/{rel}","templated":true}]}}