{"id":78161,"date":"2022-08-29T21:03:09","date_gmt":"2022-08-29T19:03:09","guid":{"rendered":"https:\/\/www.clients.horus-informatique71.fr\/advocnar_backup\/?p=78161"},"modified":"2022-09-08T20:49:30","modified_gmt":"2022-09-08T18:49:30","slug":"forums-des-associations-2022","status":"publish","type":"post","link":"https:\/\/www.clients.horus-informatique71.fr\/advocnar_backup\/2022\/08\/forums-des-associations-2022\/","title":{"rendered":"FORUMS DES ASSOCIATIONS 2022"},"content":{"rendered":"\n<div style=\"height:17px\" aria-hidden=\"true\" class=\"wp-block-spacer\"><\/div>\n\n\n\n<h5 class=\"wp-block-heading\">Les forums des associations se d\u00e9rouleront sur deux week-ends cons\u00e9cutifs d\u00e9but septembre.<br>L&rsquo;ADVOCNAR sera pr\u00e9sente dans une vingtaine de communes.<br>Vous pourrez \u00e9galement trouver notre documentation sur certains stands partenaires.<\/h5>\n\n\n\n<h4 class=\"has-text-align-center wp-block-heading\">Les nuisances a\u00e9riennes ne sont pas une fatalit\u00e9 : des solutions existent !<br>L&rsquo;ADVOCNAR agit et obtient des r\u00e9sultats.<\/h4>\n\n\n\n<h5 class=\"has-text-align-center wp-block-heading\">Venez \u00e9changer avec nos animateurs, vous investir et pourquoi pas &#8230; adh\u00e9rer !<\/h5>\n\n\n\n<div style=\"height:20px\" aria-hidden=\"true\" class=\"wp-block-spacer\"><\/div>\n\n\n\n<p><strong>Samedi 3 septembre<\/strong><\/p>\n\n\n\n<figure class=\"wp-block-table\"><table class=\"has-black-color has-text-color\"><tbody><tr><td>CERGY<\/td><td>10h &#8211; 18h<\/td><td><em>Documentation au stand O&rsquo; Watt Citoyen<\/em><br>Parc Fran\u00e7ois Mitterrand<\/td><\/tr><tr><td>EAUBONNE<\/td><td>10h &#8211; 18h<\/td><td>Plaine des sports du Luat<\/td><\/tr><tr><td>ERMONT<\/td><td>9h &#8211; 17h15<\/td><td>Complexe sportif Gaston Rebuffat<\/td><\/tr><tr><td>LE PLESSIS-BOUCHARD<\/td><td>10h &#8211; 18h<\/td><td>Centre culturel Jacques Templier<br>5 rue Pierre Brossolette<br><em>Stand exposition sans animateur <br>et documents \u00e0 disposition<\/em><\/td><\/tr><tr><td>MARGENCY<\/td><td>10h &#8211; 18h<\/td><td>Parc de la Mairie<\/td><\/tr><tr><td>MONTIGNY-L\u00c8S-CORMEILLES<\/td><td>13h &#8211; 18h<\/td><td>Espace L\u00e9onard-de-Vinci<\/td><\/tr><tr><td>MONTMORENCY<\/td><td>10h &#8211; 17h<\/td><td>Parc des sports Nelson Mandela<\/td><\/tr><tr><td>SAINT-GRATIEN<\/td><td>10h &#8211; 18h<\/td><td>Place Fran\u00e7ois Truffaut<\/td><\/tr><tr><td>SAINT-LEU-LA-FOR\u00caT<\/td><td>10h &#8211; 18h<\/td><td>Gymnase Jean Moulin<\/td><\/tr><tr><td>SAINT-PRIX<\/td><td>9h &#8211; 17h<\/td><td>Complexe sportif Christian Dufresne<\/td><\/tr><\/tbody><\/table><\/figure>\n\n\n\n<p><\/p>\n\n\n\n<p><strong>Dimanche 4 septembre<\/strong><\/p>\n\n\n\n<figure class=\"wp-block-table\"><table><tbody><tr><td>DEUIL-LA-BARRE<\/td><td>10h &#8211; 18h<\/td><td>Stade Jean Bouin<\/td><\/tr><tr><td>HERBLAY<\/td><td>10h &#8211; 17h<\/td><td>Gymnase des Fontaines<br>1 rue Alexandre Dumas<\/td><\/tr><tr><td>SAINT-BRICE-SOUS-FOR\u00caT<\/td><td>10h &#8211; 17h<\/td><td>Centre culturel et sportif Lionel Terray<\/td><\/tr><tr><td>SOISY-SOUS-MONTMORENCY<\/td><td>10h &#8211; 18h<\/td><td>Gymnase Schweitzer<\/td><\/tr><\/tbody><\/table><\/figure>\n\n\n\n<p><strong>Samedi 10 septembre<\/strong><\/p>\n\n\n\n<figure class=\"wp-block-table\"><table><tbody><tr><td>BEAUCHAMP<\/td><td><\/td><td><\/td><td><\/td><td><\/td><td><\/td><td><\/td><td><\/td><td>10h &#8211; 17h<\/td><td>25 rue Curnonsky<\/td><\/tr><tr><td>FRANCONVILLE<\/td><td><\/td><td><\/td><td><\/td><td><\/td><td><\/td><td><\/td><td><\/td><td>10h &#8211; 18h<\/td><td>Gymnase Jean-Jacques Mathieu<br>(\u00e0 c\u00f4t\u00e9 de la salle Omnisport)<\/td><\/tr><tr><td>GONESSE<\/td><td><\/td><td><\/td><td><\/td><td><\/td><td><\/td><td><\/td><td><\/td><td>10h &#8211; 18h<\/td><td>Salle Jacques Brel<\/td><\/tr><tr><td>GROSLAY<\/td><td><\/td><td><\/td><td><\/td><td><\/td><td><\/td><td><\/td><td><\/td><td>10h- 18h<\/td><td>Salle J. Pichry<br>All\u00e9e de la Pommeraie<\/td><\/tr><tr><td>VAUR\u00c9AL<\/td><td><\/td><td><\/td><td><\/td><td><\/td><td><\/td><td><\/td><td><\/td><td>10h &#8211; 17h<\/td><td><em>Documentation au stand O&rsquo; Watt Citoyen<\/em><br>Gymnase des Toupets<br>Avenue Louise Michel<\/td><\/tr><\/tbody><\/table><\/figure>\n\n\n\n<p><strong>Dimanche 11 septembre<\/strong><\/p>\n\n\n\n<figure class=\"wp-block-table\"><table><tbody><tr><td>ENGHIEN-LES-BAINS<\/td><td><\/td><td><\/td><td><\/td><td>10h &#8211; 18h<\/td><td>Espace Coeur de Ville<br>Rue du G\u00e9n\u00e9ral de Gaulle<\/td><\/tr><tr><td>TAVERNY<\/td><td><\/td><td><\/td><td><\/td><td>10h &#8211; 18h<\/td><td>Terrain de rugby, voie des Sports<\/td><\/tr><\/tbody><\/table><\/figure>\n","protected":false},"excerpt":{"rendered":"<p>Les forums des associations se d\u00e9rouleront sur deux week-ends cons\u00e9cutifs d\u00e9but septembre.L&rsquo;ADVOCNAR sera pr\u00e9sente dans une vingtaine de communes.Vous pourrez \u00e9galement trouver notre documentation sur certains stands partenaires. Les nuisances a\u00e9riennes ne sont pas une fatalit\u00e9 : des solutions existent !L&rsquo;ADVOCNAR agit et obtient des r\u00e9sultats. Venez \u00e9changer avec nos animateurs, vous investir et pourquoi [&hellip;]<\/p>\n","protected":false},"author":10,"featured_media":78163,"comment_status":"closed","ping_status":"open","sticky":false,"template":"","format":"standard","meta":{"footnotes":""},"categories":[46],"tags":[],"yoast_head":"<!-- This site is optimized with the Yoast SEO plugin v22.0 - https:\/\/yoast.com\/wordpress\/plugins\/seo\/ -->\n<title>FORUMS DES ASSOCIATIONS 2022 - Advocnar<\/title>\n<meta name=\"robots\" content=\"index, follow, max-snippet:-1, max-image-preview:large, max-video-preview:-1\" \/>\n<link rel=\"canonical\" href=\"https:\/\/www.clients.horus-informatique71.fr\/advocnar_backup\/2022\/08\/forums-des-associations-2022\/\" \/>\n<meta property=\"og:locale\" content=\"fr_FR\" \/>\n<meta property=\"og:type\" content=\"article\" \/>\n<meta property=\"og:title\" content=\"FORUMS DES ASSOCIATIONS 2022 - Advocnar\" \/>\n<meta property=\"og:description\" content=\"Les forums des associations se d\u00e9rouleront sur deux week-ends cons\u00e9cutifs d\u00e9but septembre.L&rsquo;ADVOCNAR sera pr\u00e9sente dans une vingtaine de communes.Vous pourrez \u00e9galement trouver notre documentation sur certains stands partenaires. Les nuisances a\u00e9riennes ne sont pas une fatalit\u00e9 : des solutions existent !L&rsquo;ADVOCNAR agit et obtient des r\u00e9sultats. Venez \u00e9changer avec nos animateurs, vous investir et pourquoi [&hellip;]\" \/>\n<meta property=\"og:url\" content=\"https:\/\/www.clients.horus-informatique71.fr\/advocnar_backup\/2022\/08\/forums-des-associations-2022\/\" \/>\n<meta property=\"og:site_name\" content=\"Advocnar\" \/>\n<meta property=\"article:published_time\" content=\"2022-08-29T19:03:09+00:00\" \/>\n<meta property=\"article:modified_time\" content=\"2022-09-08T18:49:30+00:00\" \/>\n<meta property=\"og:image\" content=\"https:\/\/www.clients.horus-informatique71.fr\/advocnar_backup\/wp-content\/uploads\/2022\/08\/Forums-2022.png\" \/>\n\t<meta property=\"og:image:width\" content=\"755\" \/>\n\t<meta property=\"og:image:height\" content=\"565\" \/>\n\t<meta property=\"og:image:type\" content=\"image\/png\" \/>\n<meta name=\"author\" content=\"FBrochot\" \/>\n<meta name=\"twitter:card\" content=\"summary_large_image\" \/>\n<meta name=\"twitter:label1\" content=\"\u00c9crit par\" \/>\n\t<meta name=\"twitter:data1\" content=\"FBrochot\" \/>\n\t<meta name=\"twitter:label2\" content=\"Dur\u00e9e de lecture estim\u00e9e\" \/>\n\t<meta name=\"twitter:data2\" content=\"2 minutes\" \/>\n<script type=\"application\/ld+json\" class=\"yoast-schema-graph\">{\"@context\":\"https:\/\/schema.org\",\"@graph\":[{\"@type\":\"WebPage\",\"@id\":\"https:\/\/www.clients.horus-informatique71.fr\/advocnar_backup\/2022\/08\/forums-des-associations-2022\/\",\"url\":\"https:\/\/www.clients.horus-informatique71.fr\/advocnar_backup\/2022\/08\/forums-des-associations-2022\/\",\"name\":\"FORUMS DES ASSOCIATIONS 2022 - Advocnar\",\"isPartOf\":{\"@id\":\"https:\/\/www.clients.horus-informatique71.fr\/advocnar_backup\/#website\"},\"datePublished\":\"2022-08-29T19:03:09+00:00\",\"dateModified\":\"2022-09-08T18:49:30+00:00\",\"author\":{\"@id\":\"https:\/\/www.clients.horus-informatique71.fr\/advocnar_backup\/#\/schema\/person\/28ec283f897fb44e1146415d8015d23e\"},\"breadcrumb\":{\"@id\":\"https:\/\/www.clients.horus-informatique71.fr\/advocnar_backup\/2022\/08\/forums-des-associations-2022\/#breadcrumb\"},\"inLanguage\":\"fr-FR\",\"potentialAction\":[{\"@type\":\"ReadAction\",\"target\":[\"https:\/\/www.clients.horus-informatique71.fr\/advocnar_backup\/2022\/08\/forums-des-associations-2022\/\"]}]},{\"@type\":\"BreadcrumbList\",\"@id\":\"https:\/\/www.clients.horus-informatique71.fr\/advocnar_backup\/2022\/08\/forums-des-associations-2022\/#breadcrumb\",\"itemListElement\":[{\"@type\":\"ListItem\",\"position\":1,\"name\":\"Accueil\",\"item\":\"https:\/\/www.clients.horus-informatique71.fr\/advocnar_backup\/\"},{\"@type\":\"ListItem\",\"position\":2,\"name\":\"FORUMS DES ASSOCIATIONS 2022\"}]},{\"@type\":\"WebSite\",\"@id\":\"https:\/\/www.clients.horus-informatique71.fr\/advocnar_backup\/#website\",\"url\":\"https:\/\/www.clients.horus-informatique71.fr\/advocnar_backup\/\",\"name\":\"Advocnar\",\"description\":\"Association de D\u00e9fense Contre les Nuisances A\u00e9riennes\",\"potentialAction\":[{\"@type\":\"SearchAction\",\"target\":{\"@type\":\"EntryPoint\",\"urlTemplate\":\"https:\/\/www.clients.horus-informatique71.fr\/advocnar_backup\/?s={search_term_string}\"},\"query-input\":\"required name=search_term_string\"}],\"inLanguage\":\"fr-FR\"},{\"@type\":\"Person\",\"@id\":\"https:\/\/www.clients.horus-informatique71.fr\/advocnar_backup\/#\/schema\/person\/28ec283f897fb44e1146415d8015d23e\",\"name\":\"FBrochot\",\"url\":\"https:\/\/www.clients.horus-informatique71.fr\/advocnar_backup\/author\/fbrochot\/\"}]}<\/script>\n<!-- \/ Yoast SEO plugin. -->","yoast_head_json":{"title":"FORUMS DES ASSOCIATIONS 2022 - Advocnar","robots":{"index":"index","follow":"follow","max-snippet":"max-snippet:-1","max-image-preview":"max-image-preview:large","max-video-preview":"max-video-preview:-1"},"canonical":"https:\/\/www.clients.horus-informatique71.fr\/advocnar_backup\/2022\/08\/forums-des-associations-2022\/","og_locale":"fr_FR","og_type":"article","og_title":"FORUMS DES ASSOCIATIONS 2022 - Advocnar","og_description":"Les forums des associations se d\u00e9rouleront sur deux week-ends cons\u00e9cutifs d\u00e9but septembre.L&rsquo;ADVOCNAR sera pr\u00e9sente dans une vingtaine de communes.Vous pourrez \u00e9galement trouver notre documentation sur certains stands partenaires. Les nuisances a\u00e9riennes ne sont pas une fatalit\u00e9 : des solutions existent !L&rsquo;ADVOCNAR agit et obtient des r\u00e9sultats. Venez \u00e9changer avec nos animateurs, vous investir et pourquoi [&hellip;]","og_url":"https:\/\/www.clients.horus-informatique71.fr\/advocnar_backup\/2022\/08\/forums-des-associations-2022\/","og_site_name":"Advocnar","article_published_time":"2022-08-29T19:03:09+00:00","article_modified_time":"2022-09-08T18:49:30+00:00","og_image":[{"width":755,"height":565,"url":"https:\/\/www.clients.horus-informatique71.fr\/advocnar_backup\/wp-content\/uploads\/2022\/08\/Forums-2022.png","type":"image\/png"}],"author":"FBrochot","twitter_card":"summary_large_image","twitter_misc":{"\u00c9crit par":"FBrochot","Dur\u00e9e de lecture estim\u00e9e":"2 minutes"},"schema":{"@context":"https:\/\/schema.org","@graph":[{"@type":"WebPage","@id":"https:\/\/www.clients.horus-informatique71.fr\/advocnar_backup\/2022\/08\/forums-des-associations-2022\/","url":"https:\/\/www.clients.horus-informatique71.fr\/advocnar_backup\/2022\/08\/forums-des-associations-2022\/","name":"FORUMS DES ASSOCIATIONS 2022 - Advocnar","isPartOf":{"@id":"https:\/\/www.clients.horus-informatique71.fr\/advocnar_backup\/#website"},"datePublished":"2022-08-29T19:03:09+00:00","dateModified":"2022-09-08T18:49:30+00:00","author":{"@id":"https:\/\/www.clients.horus-informatique71.fr\/advocnar_backup\/#\/schema\/person\/28ec283f897fb44e1146415d8015d23e"},"breadcrumb":{"@id":"https:\/\/www.clients.horus-informatique71.fr\/advocnar_backup\/2022\/08\/forums-des-associations-2022\/#breadcrumb"},"inLanguage":"fr-FR","potentialAction":[{"@type":"ReadAction","target":["https:\/\/www.clients.horus-informatique71.fr\/advocnar_backup\/2022\/08\/forums-des-associations-2022\/"]}]},{"@type":"BreadcrumbList","@id":"https:\/\/www.clients.horus-informatique71.fr\/advocnar_backup\/2022\/08\/forums-des-associations-2022\/#breadcrumb","itemListElement":[{"@type":"ListItem","position":1,"name":"Accueil","item":"https:\/\/www.clients.horus-informatique71.fr\/advocnar_backup\/"},{"@type":"ListItem","position":2,"name":"FORUMS DES ASSOCIATIONS 2022"}]},{"@type":"WebSite","@id":"https:\/\/www.clients.horus-informatique71.fr\/advocnar_backup\/#website","url":"https:\/\/www.clients.horus-informatique71.fr\/advocnar_backup\/","name":"Advocnar","description":"Association de D\u00e9fense Contre les Nuisances A\u00e9riennes","potentialAction":[{"@type":"SearchAction","target":{"@type":"EntryPoint","urlTemplate":"https:\/\/www.clients.horus-informatique71.fr\/advocnar_backup\/?s={search_term_string}"},"query-input":"required name=search_term_string"}],"inLanguage":"fr-FR"},{"@type":"Person","@id":"https:\/\/www.clients.horus-informatique71.fr\/advocnar_backup\/#\/schema\/person\/28ec283f897fb44e1146415d8015d23e","name":"FBrochot","url":"https:\/\/www.clients.horus-informatique71.fr\/advocnar_backup\/author\/fbrochot\/"}]}},"_links":{"self":[{"href":"https:\/\/www.clients.horus-informatique71.fr\/advocnar_backup\/wp-json\/wp\/v2\/posts\/78161"}],"collection":[{"href":"https:\/\/www.clients.horus-informatique71.fr\/advocnar_backup\/wp-json\/wp\/v2\/posts"}],"about":[{"href":"https:\/\/www.clients.horus-informatique71.fr\/advocnar_backup\/wp-json\/wp\/v2\/types\/post"}],"author":[{"embeddable":true,"href":"https:\/\/www.clients.horus-informatique71.fr\/advocnar_backup\/wp-json\/wp\/v2\/users\/10"}],"replies":[{"embeddable":true,"href":"https:\/\/www.clients.horus-informatique71.fr\/advocnar_backup\/wp-json\/wp\/v2\/comments?post=78161"}],"version-history":[{"count":29,"href":"https:\/\/www.clients.horus-informatique71.fr\/advocnar_backup\/wp-json\/wp\/v2\/posts\/78161\/revisions"}],"predecessor-version":[{"id":78247,"href":"https:\/\/www.clients.horus-informatique71.fr\/advocnar_backup\/wp-json\/wp\/v2\/posts\/78161\/revisions\/78247"}],"wp:featuredmedia":[{"embeddable":true,"href":"https:\/\/www.clients.horus-informatique71.fr\/advocnar_backup\/wp-json\/wp\/v2\/media\/78163"}],"wp:attachment":[{"href":"https:\/\/www.clients.horus-informatique71.fr\/advocnar_backup\/wp-json\/wp\/v2\/media?parent=78161"}],"wp:term":[{"taxonomy":"category","embeddable":true,"href":"https:\/\/www.clients.horus-informatique71.fr\/advocnar_backup\/wp-json\/wp\/v2\/categories?post=78161"},{"taxonomy":"post_tag","embeddable":true,"href":"https:\/\/www.clients.horus-informatique71.fr\/advocnar_backup\/wp-json\/wp\/v2\/tags?post=78161"}],"curies":[{"name":"wp","href":"https:\/\/api.w.org\/{rel}","templated":true}]}}