{"id":78228,"date":"2022-09-05T19:02:19","date_gmt":"2022-09-05T17:02:19","guid":{"rendered":"https:\/\/www.clients.horus-informatique71.fr\/advocnar_backup\/?p=78228"},"modified":"2022-09-17T16:12:56","modified_gmt":"2022-09-17T14:12:56","slug":"reunion-publique-nuisances-aeriennes-margency-vendredi-16-septembre-20h","status":"publish","type":"post","link":"https:\/\/www.clients.horus-informatique71.fr\/advocnar_backup\/2022\/09\/reunion-publique-nuisances-aeriennes-margency-vendredi-16-septembre-20h\/","title":{"rendered":"R\u00c9UNION PUBLIQUE NUISANCES A\u00c9RIENNES : MARGENCY VENDREDI 16 SEPTEMBRE &#8211; 20H"},"content":{"rendered":"\n<div style=\"height:20px\" aria-hidden=\"true\" class=\"wp-block-spacer\"><\/div>\n\n\n\n<div class=\"wp-block-image\"><figure class=\"aligncenter size-medium\"><a href=\"https:\/\/www.clients.horus-informatique71.fr\/advocnar_backup\/wp-content\/uploads\/2022\/09\/2022-09-16-RP-MARGENCY.pdf\"><img loading=\"lazy\" decoding=\"async\" width=\"300\" height=\"226\" src=\"https:\/\/www.clients.horus-informatique71.fr\/advocnar_backup\/wp-content\/uploads\/2022\/09\/RP-Margency-PPT-300x226.png\" alt=\"\" class=\"wp-image-78249\" srcset=\"https:\/\/www.clients.horus-informatique71.fr\/advocnar_backup\/wp-content\/uploads\/2022\/09\/RP-Margency-PPT-300x226.png 300w, https:\/\/www.clients.horus-informatique71.fr\/advocnar_backup\/wp-content\/uploads\/2022\/09\/RP-Margency-PPT-1024x770.png 1024w, https:\/\/www.clients.horus-informatique71.fr\/advocnar_backup\/wp-content\/uploads\/2022\/09\/RP-Margency-PPT-768x578.png 768w, https:\/\/www.clients.horus-informatique71.fr\/advocnar_backup\/wp-content\/uploads\/2022\/09\/RP-Margency-PPT.png 1030w\" sizes=\"(max-width: 300px) 100vw, 300px\" \/><\/a><figcaption><em><a href=\"https:\/\/www.clients.horus-informatique71.fr\/advocnar_backup\/wp-content\/uploads\/2022\/09\/2022-09-16-RP-MARGENCY.pdf\">T\u00e9l\u00e9chargez la pr\u00e9sentation faite en s\u00e9ance<\/a><\/em><\/figcaption><\/figure><\/div>\n\n\n\n<p><\/p>\n\n\n\n<p><\/p>\n\n\n\n<p><\/p>\n\n\n\n<h5 class=\"wp-block-heading\">L&rsquo;ADVOCNAR et la ville de Margency ont le plaisir de vous convier \u00e0 une r\u00e9union publique sur les nuisances a\u00e9riennes qui se tiendra le :<\/h5>\n\n\n\n<h4 class=\"has-text-align-center has-vivid-cyan-blue-color has-text-color wp-block-heading\">Vendredi 16 septembre de 20h \u00e0 22h<br>Salle du Rideau Rouge<br>1 rue du 18 juin \u00e0 Margency<\/h4>\n\n\n\n<p>La pollution sonore et la pollution chimique dues au trafic a\u00e9rien ont de graves cons\u00e9quences sur votre sant\u00e9, elles portent atteinte \u00e0 votre environnement et perturbent votre quotidien.<\/p>\n\n\n\n<p class=\"has-text-align-center\"><strong>Mais ces nuisances ne sont pas une fatalit\u00e9&nbsp;: des solutions existent&nbsp;!<\/strong><\/p>\n\n\n\n<p>Nous ferons un point sur les actions men\u00e9es par l\u2019ADVOCNAR et les r\u00e9sultats obtenus.<br>Nous vous indiquerons comment agir \u00e0 votre niveau et avec notre \u00e9quipe.<\/p>\n\n\n\n<p>Une large place sera faite \u00e0 vos questions.<\/p>\n\n\n\n<p>A l\u2019issue de la r\u00e9union, nous vous proposerons de poursuivre les \u00e9changes autour d\u2019un verre.<\/p>\n\n\n\n<p>Nous comptons sur votre pr\u00e9sence.<\/p>\n\n\n\n<p><\/p>\n\n\n\n<figure class=\"wp-block-image size-full\"><img loading=\"lazy\" decoding=\"async\" width=\"591\" height=\"835\" src=\"https:\/\/www.clients.horus-informatique71.fr\/advocnar_backup\/wp-content\/uploads\/2022\/09\/RP-Margency.png\" alt=\"\" class=\"wp-image-78227\" srcset=\"https:\/\/www.clients.horus-informatique71.fr\/advocnar_backup\/wp-content\/uploads\/2022\/09\/RP-Margency.png 591w, https:\/\/www.clients.horus-informatique71.fr\/advocnar_backup\/wp-content\/uploads\/2022\/09\/RP-Margency-212x300.png 212w\" sizes=\"(max-width: 591px) 100vw, 591px\" \/><\/figure>\n","protected":false},"excerpt":{"rendered":"<p>L&rsquo;ADVOCNAR et la ville de Margency ont le plaisir de vous convier \u00e0 une r\u00e9union publique sur les nuisances a\u00e9riennes qui se tiendra le : Vendredi 16 septembre de 20h \u00e0 22hSalle du Rideau Rouge1 rue du 18 juin \u00e0 Margency La pollution sonore et la pollution chimique dues au trafic a\u00e9rien ont de graves [&hellip;]<\/p>\n","protected":false},"author":10,"featured_media":78226,"comment_status":"closed","ping_status":"open","sticky":false,"template":"","format":"standard","meta":{"footnotes":""},"categories":[46],"tags":[],"yoast_head":"<!-- This site is optimized with the Yoast SEO plugin v22.0 - https:\/\/yoast.com\/wordpress\/plugins\/seo\/ -->\n<title>R\u00c9UNION PUBLIQUE NUISANCES A\u00c9RIENNES : MARGENCY VENDREDI 16 SEPTEMBRE - 20H - Advocnar<\/title>\n<meta name=\"robots\" content=\"index, follow, max-snippet:-1, max-image-preview:large, max-video-preview:-1\" \/>\n<link rel=\"canonical\" href=\"https:\/\/www.clients.horus-informatique71.fr\/advocnar_backup\/2022\/09\/reunion-publique-nuisances-aeriennes-margency-vendredi-16-septembre-20h\/\" \/>\n<meta property=\"og:locale\" content=\"fr_FR\" \/>\n<meta property=\"og:type\" content=\"article\" \/>\n<meta property=\"og:title\" content=\"R\u00c9UNION PUBLIQUE NUISANCES A\u00c9RIENNES : MARGENCY VENDREDI 16 SEPTEMBRE - 20H - Advocnar\" \/>\n<meta property=\"og:description\" content=\"L&rsquo;ADVOCNAR et la ville de Margency ont le plaisir de vous convier \u00e0 une r\u00e9union publique sur les nuisances a\u00e9riennes qui se tiendra le : Vendredi 16 septembre de 20h \u00e0 22hSalle du Rideau Rouge1 rue du 18 juin \u00e0 Margency La pollution sonore et la pollution chimique dues au trafic a\u00e9rien ont de graves [&hellip;]\" \/>\n<meta property=\"og:url\" content=\"https:\/\/www.clients.horus-informatique71.fr\/advocnar_backup\/2022\/09\/reunion-publique-nuisances-aeriennes-margency-vendredi-16-septembre-20h\/\" \/>\n<meta property=\"og:site_name\" content=\"Advocnar\" \/>\n<meta property=\"article:published_time\" content=\"2022-09-05T17:02:19+00:00\" \/>\n<meta property=\"article:modified_time\" content=\"2022-09-17T14:12:56+00:00\" \/>\n<meta property=\"og:image\" content=\"https:\/\/www.clients.horus-informatique71.fr\/advocnar_backup\/wp-content\/uploads\/2022\/09\/Photo-RP-Margency.png\" \/>\n\t<meta property=\"og:image:width\" content=\"805\" \/>\n\t<meta property=\"og:image:height\" content=\"603\" \/>\n\t<meta property=\"og:image:type\" content=\"image\/png\" \/>\n<meta name=\"author\" content=\"FBrochot\" \/>\n<meta name=\"twitter:card\" content=\"summary_large_image\" \/>\n<meta name=\"twitter:label1\" content=\"\u00c9crit par\" \/>\n\t<meta name=\"twitter:data1\" content=\"FBrochot\" \/>\n\t<meta name=\"twitter:label2\" content=\"Dur\u00e9e de lecture estim\u00e9e\" \/>\n\t<meta name=\"twitter:data2\" content=\"2 minutes\" \/>\n<script type=\"application\/ld+json\" class=\"yoast-schema-graph\">{\"@context\":\"https:\/\/schema.org\",\"@graph\":[{\"@type\":\"WebPage\",\"@id\":\"https:\/\/www.clients.horus-informatique71.fr\/advocnar_backup\/2022\/09\/reunion-publique-nuisances-aeriennes-margency-vendredi-16-septembre-20h\/\",\"url\":\"https:\/\/www.clients.horus-informatique71.fr\/advocnar_backup\/2022\/09\/reunion-publique-nuisances-aeriennes-margency-vendredi-16-septembre-20h\/\",\"name\":\"R\u00c9UNION PUBLIQUE NUISANCES A\u00c9RIENNES : MARGENCY VENDREDI 16 SEPTEMBRE - 20H - Advocnar\",\"isPartOf\":{\"@id\":\"https:\/\/www.clients.horus-informatique71.fr\/advocnar_backup\/#website\"},\"datePublished\":\"2022-09-05T17:02:19+00:00\",\"dateModified\":\"2022-09-17T14:12:56+00:00\",\"author\":{\"@id\":\"https:\/\/www.clients.horus-informatique71.fr\/advocnar_backup\/#\/schema\/person\/28ec283f897fb44e1146415d8015d23e\"},\"breadcrumb\":{\"@id\":\"https:\/\/www.clients.horus-informatique71.fr\/advocnar_backup\/2022\/09\/reunion-publique-nuisances-aeriennes-margency-vendredi-16-septembre-20h\/#breadcrumb\"},\"inLanguage\":\"fr-FR\",\"potentialAction\":[{\"@type\":\"ReadAction\",\"target\":[\"https:\/\/www.clients.horus-informatique71.fr\/advocnar_backup\/2022\/09\/reunion-publique-nuisances-aeriennes-margency-vendredi-16-septembre-20h\/\"]}]},{\"@type\":\"BreadcrumbList\",\"@id\":\"https:\/\/www.clients.horus-informatique71.fr\/advocnar_backup\/2022\/09\/reunion-publique-nuisances-aeriennes-margency-vendredi-16-septembre-20h\/#breadcrumb\",\"itemListElement\":[{\"@type\":\"ListItem\",\"position\":1,\"name\":\"Accueil\",\"item\":\"https:\/\/www.clients.horus-informatique71.fr\/advocnar_backup\/\"},{\"@type\":\"ListItem\",\"position\":2,\"name\":\"R\u00c9UNION PUBLIQUE NUISANCES A\u00c9RIENNES : MARGENCY VENDREDI 16 SEPTEMBRE &#8211; 20H\"}]},{\"@type\":\"WebSite\",\"@id\":\"https:\/\/www.clients.horus-informatique71.fr\/advocnar_backup\/#website\",\"url\":\"https:\/\/www.clients.horus-informatique71.fr\/advocnar_backup\/\",\"name\":\"Advocnar\",\"description\":\"Association de D\u00e9fense Contre les Nuisances A\u00e9riennes\",\"potentialAction\":[{\"@type\":\"SearchAction\",\"target\":{\"@type\":\"EntryPoint\",\"urlTemplate\":\"https:\/\/www.clients.horus-informatique71.fr\/advocnar_backup\/?s={search_term_string}\"},\"query-input\":\"required name=search_term_string\"}],\"inLanguage\":\"fr-FR\"},{\"@type\":\"Person\",\"@id\":\"https:\/\/www.clients.horus-informatique71.fr\/advocnar_backup\/#\/schema\/person\/28ec283f897fb44e1146415d8015d23e\",\"name\":\"FBrochot\",\"url\":\"https:\/\/www.clients.horus-informatique71.fr\/advocnar_backup\/author\/fbrochot\/\"}]}<\/script>\n<!-- \/ Yoast SEO plugin. -->","yoast_head_json":{"title":"R\u00c9UNION PUBLIQUE NUISANCES A\u00c9RIENNES : MARGENCY VENDREDI 16 SEPTEMBRE - 20H - Advocnar","robots":{"index":"index","follow":"follow","max-snippet":"max-snippet:-1","max-image-preview":"max-image-preview:large","max-video-preview":"max-video-preview:-1"},"canonical":"https:\/\/www.clients.horus-informatique71.fr\/advocnar_backup\/2022\/09\/reunion-publique-nuisances-aeriennes-margency-vendredi-16-septembre-20h\/","og_locale":"fr_FR","og_type":"article","og_title":"R\u00c9UNION PUBLIQUE NUISANCES A\u00c9RIENNES : MARGENCY VENDREDI 16 SEPTEMBRE - 20H - Advocnar","og_description":"L&rsquo;ADVOCNAR et la ville de Margency ont le plaisir de vous convier \u00e0 une r\u00e9union publique sur les nuisances a\u00e9riennes qui se tiendra le : Vendredi 16 septembre de 20h \u00e0 22hSalle du Rideau Rouge1 rue du 18 juin \u00e0 Margency La pollution sonore et la pollution chimique dues au trafic a\u00e9rien ont de graves [&hellip;]","og_url":"https:\/\/www.clients.horus-informatique71.fr\/advocnar_backup\/2022\/09\/reunion-publique-nuisances-aeriennes-margency-vendredi-16-septembre-20h\/","og_site_name":"Advocnar","article_published_time":"2022-09-05T17:02:19+00:00","article_modified_time":"2022-09-17T14:12:56+00:00","og_image":[{"width":805,"height":603,"url":"https:\/\/www.clients.horus-informatique71.fr\/advocnar_backup\/wp-content\/uploads\/2022\/09\/Photo-RP-Margency.png","type":"image\/png"}],"author":"FBrochot","twitter_card":"summary_large_image","twitter_misc":{"\u00c9crit par":"FBrochot","Dur\u00e9e de lecture estim\u00e9e":"2 minutes"},"schema":{"@context":"https:\/\/schema.org","@graph":[{"@type":"WebPage","@id":"https:\/\/www.clients.horus-informatique71.fr\/advocnar_backup\/2022\/09\/reunion-publique-nuisances-aeriennes-margency-vendredi-16-septembre-20h\/","url":"https:\/\/www.clients.horus-informatique71.fr\/advocnar_backup\/2022\/09\/reunion-publique-nuisances-aeriennes-margency-vendredi-16-septembre-20h\/","name":"R\u00c9UNION PUBLIQUE NUISANCES A\u00c9RIENNES : MARGENCY VENDREDI 16 SEPTEMBRE - 20H - Advocnar","isPartOf":{"@id":"https:\/\/www.clients.horus-informatique71.fr\/advocnar_backup\/#website"},"datePublished":"2022-09-05T17:02:19+00:00","dateModified":"2022-09-17T14:12:56+00:00","author":{"@id":"https:\/\/www.clients.horus-informatique71.fr\/advocnar_backup\/#\/schema\/person\/28ec283f897fb44e1146415d8015d23e"},"breadcrumb":{"@id":"https:\/\/www.clients.horus-informatique71.fr\/advocnar_backup\/2022\/09\/reunion-publique-nuisances-aeriennes-margency-vendredi-16-septembre-20h\/#breadcrumb"},"inLanguage":"fr-FR","potentialAction":[{"@type":"ReadAction","target":["https:\/\/www.clients.horus-informatique71.fr\/advocnar_backup\/2022\/09\/reunion-publique-nuisances-aeriennes-margency-vendredi-16-septembre-20h\/"]}]},{"@type":"BreadcrumbList","@id":"https:\/\/www.clients.horus-informatique71.fr\/advocnar_backup\/2022\/09\/reunion-publique-nuisances-aeriennes-margency-vendredi-16-septembre-20h\/#breadcrumb","itemListElement":[{"@type":"ListItem","position":1,"name":"Accueil","item":"https:\/\/www.clients.horus-informatique71.fr\/advocnar_backup\/"},{"@type":"ListItem","position":2,"name":"R\u00c9UNION PUBLIQUE NUISANCES A\u00c9RIENNES : MARGENCY VENDREDI 16 SEPTEMBRE &#8211; 20H"}]},{"@type":"WebSite","@id":"https:\/\/www.clients.horus-informatique71.fr\/advocnar_backup\/#website","url":"https:\/\/www.clients.horus-informatique71.fr\/advocnar_backup\/","name":"Advocnar","description":"Association de D\u00e9fense Contre les Nuisances A\u00e9riennes","potentialAction":[{"@type":"SearchAction","target":{"@type":"EntryPoint","urlTemplate":"https:\/\/www.clients.horus-informatique71.fr\/advocnar_backup\/?s={search_term_string}"},"query-input":"required name=search_term_string"}],"inLanguage":"fr-FR"},{"@type":"Person","@id":"https:\/\/www.clients.horus-informatique71.fr\/advocnar_backup\/#\/schema\/person\/28ec283f897fb44e1146415d8015d23e","name":"FBrochot","url":"https:\/\/www.clients.horus-informatique71.fr\/advocnar_backup\/author\/fbrochot\/"}]}},"_links":{"self":[{"href":"https:\/\/www.clients.horus-informatique71.fr\/advocnar_backup\/wp-json\/wp\/v2\/posts\/78228"}],"collection":[{"href":"https:\/\/www.clients.horus-informatique71.fr\/advocnar_backup\/wp-json\/wp\/v2\/posts"}],"about":[{"href":"https:\/\/www.clients.horus-informatique71.fr\/advocnar_backup\/wp-json\/wp\/v2\/types\/post"}],"author":[{"embeddable":true,"href":"https:\/\/www.clients.horus-informatique71.fr\/advocnar_backup\/wp-json\/wp\/v2\/users\/10"}],"replies":[{"embeddable":true,"href":"https:\/\/www.clients.horus-informatique71.fr\/advocnar_backup\/wp-json\/wp\/v2\/comments?post=78228"}],"version-history":[{"count":16,"href":"https:\/\/www.clients.horus-informatique71.fr\/advocnar_backup\/wp-json\/wp\/v2\/posts\/78228\/revisions"}],"predecessor-version":[{"id":78254,"href":"https:\/\/www.clients.horus-informatique71.fr\/advocnar_backup\/wp-json\/wp\/v2\/posts\/78228\/revisions\/78254"}],"wp:featuredmedia":[{"embeddable":true,"href":"https:\/\/www.clients.horus-informatique71.fr\/advocnar_backup\/wp-json\/wp\/v2\/media\/78226"}],"wp:attachment":[{"href":"https:\/\/www.clients.horus-informatique71.fr\/advocnar_backup\/wp-json\/wp\/v2\/media?parent=78228"}],"wp:term":[{"taxonomy":"category","embeddable":true,"href":"https:\/\/www.clients.horus-informatique71.fr\/advocnar_backup\/wp-json\/wp\/v2\/categories?post=78228"},{"taxonomy":"post_tag","embeddable":true,"href":"https:\/\/www.clients.horus-informatique71.fr\/advocnar_backup\/wp-json\/wp\/v2\/tags?post=78228"}],"curies":[{"name":"wp","href":"https:\/\/api.w.org\/{rel}","templated":true}]}}