{"id":78664,"date":"2023-05-09T08:57:39","date_gmt":"2023-05-09T06:57:39","guid":{"rendered":"https:\/\/www.clients.horus-informatique71.fr\/advocnar_backup\/?p=78664"},"modified":"2023-06-11T19:52:26","modified_gmt":"2023-06-11T17:52:26","slug":"tribune-pour-la-sante-et-le-climat-plus-de-70-associations-environnementales-appellent-a-reduire-progressivement-le-trafic-aerien","status":"publish","type":"post","link":"https:\/\/www.clients.horus-informatique71.fr\/advocnar_backup\/2023\/05\/tribune-pour-la-sante-et-le-climat-plus-de-70-associations-environnementales-appellent-a-reduire-progressivement-le-trafic-aerien\/","title":{"rendered":"TRIBUNE &#8211; Pour la sant\u00e9 et le climat, plus de 70 associations environnementales appellent \u00e0 \u00ab\u00a0r\u00e9duire progressivement le trafic a\u00e9rien\u00a0\u00bb"},"content":{"rendered":"\n<div style=\"height:20px\" aria-hidden=\"true\" class=\"wp-block-spacer\"><\/div>\n\n\n\n<h4 class=\"wp-block-heading\">09.05.2023 &#8211; Franceinfo<\/h4>\n\n\n\n<p><a href=\"https:\/\/www.francetvinfo.fr\/economie\/aeronautique\/tribune-pour-la-sante-et-le-climat-plus-de-70-associations-environnementales-appellent-a-reduire-progressivement-le-trafic-aerien_5810564.html\">Lire la tribune sur Franceinfo<\/a><\/p>\n\n\n\n<p>Dans une tribune publi\u00e9e sur franceinfo, ces organisations encouragent \u00e0 manifester, de mardi \u00e0 dimanche, en faveur \u00ab\u00a0du plafonnement \u00e0 la baisse du nombre de vols\u00a0\u00bb et pour \u00ab\u00a0un couvre-feu dans tous les a\u00e9roports, a\u00e9rodromes et h\u00e9liports de France\u00a0\u00bb.<\/p>\n\n\n\n<p><em>Ils d\u00e9noncent l&rsquo;impact de <a href=\"https:\/\/www.francetvinfo.fr\/monde\/environnement\/crise-climatique\/infographies-developpement-des-aeroports-nombre-de-passagers-emissions-de-co2-visualisez-la-croissance-du-trafic-en-france_5810888.html\">la croissance du trafic a\u00e9rien sur le r\u00e9chauffement climatique et sur la sant\u00e9 humaine<\/a>. Dans cette tribune publi\u00e9e par franceinfo.fr, plus de 70 associations et collectifs environnementaux appellent \u00e0 <\/em>\u00ab\u00a0mettre un coup d&rsquo;arr\u00eat \u00e0 la croissance du trafic a\u00e9rien\u00a0\u00bb<em>, tout en accompagnant <\/em>\u00ab\u00a0la reconversion des travailleurs concern\u00e9s\u00a0\u00bb<em>. <\/em>\u00ab\u00a0Nous ne pouvons plus tol\u00e9rer que notre sant\u00e9, notre bien-\u00eatre et l&rsquo;avenir de l&rsquo;humanit\u00e9 fassent les frais d&rsquo;activit\u00e9s qui profitent surtout aux plus privil\u00e9gi\u00e9s, et pour lesquelles des alternatives existent\u00a0\u00bb<em>, d\u00e9noncent-elles. Les signataires marquent \u00e9galement leur soutien aux manifestations organis\u00e9es du mardi 9 au dimanche 14 mai en faveur du plafonnement des a\u00e9roports. Ils s&rsquo;expriment ici librement.<\/em><\/p>\n\n\n\n<hr class=\"wp-block-separator has-alpha-channel-opacity\"\/>\n\n\n\n<h5 class=\"wp-block-heading\">La folle croissance du trafic a\u00e9rien doit cesser. Elle n&rsquo;est soutenable ni pour le climat ni pour les millions de personnes qui subissent nuit et jour le bruit et la pollution des avions. Victimes des nuisances des a\u00e9roports et victimes pr\u00e9sentes et futures du r\u00e9chauffement climatique, nous demandons le plafonnement \u00e0 la baisse du nombre de vols ainsi qu&rsquo;un couvre-feu dans tous les a\u00e9roports, a\u00e9rodromes et h\u00e9liports de France. Nous ne pouvons plus tol\u00e9rer que notre sant\u00e9, notre bien-\u00eatre et l&rsquo;avenir de l&rsquo;humanit\u00e9 fassent les frais d&rsquo;activit\u00e9s qui profitent surtout aux plus privil\u00e9gi\u00e9s, et pour lesquelles des alternatives existent.<\/h5>\n\n\n\n<p>Le gouvernement n\u00e9erlandais et le gestionnaire de l&rsquo;a\u00e9roport d&rsquo;Amsterdam-Schiphol l&rsquo;ont bien compris. La croissance des activit\u00e9s de cet a\u00e9roport, d&rsquo;une taille comparable \u00e0 celle de Roissy, n&rsquo;est plus tenable&nbsp;; aussi ont-ils d\u00e9cid\u00e9 de r\u00e9duire le nombre total de vols, d&rsquo;instaurer un couvre-feu, de bannir l&rsquo;aviation priv\u00e9e et d&rsquo;abandonner le projet de nouvelle piste. <em>\u00ab\u00a0Nous ne pouvons pas demander aux habitants de la r\u00e9gion de faire des sacrifices pendant des ann\u00e9es pour ceux qui prennent l&rsquo;avion juste pour leurs vacances\u00a0\u00bb, <\/em>a d\u00e9clar\u00e9 Ruud Sondag, le PDG de l&rsquo;a\u00e9roport. En France, le PDG d&rsquo;ADP [A\u00e9roports de Paris], <a href=\"https:\/\/www.francetvinfo.fr\/economie\/aeronautique\/crise-climatique-il-faut-revendiquer-un-usage-raisonnable-de-lavion-estime-le-pdg-d-aeroports-de-paris_5389768.html\">Augustin de Romanet, reconna\u00eet<\/a> que <em>\u00ab\u00a0dans les pays d\u00e9velopp\u00e9s, qui ont beaucoup profit\u00e9 de l&rsquo;avion, il faut revendiquer un usage raisonnable\u00a0\u00bb<\/em>, mais on continue \u00e0 agrandir les a\u00e9roports et \u00e0 faire de la croissance du trafic un objectif non n\u00e9gociable !<\/p>\n\n\n\n<blockquote class=\"wp-block-quote\">\n<p>Malgr\u00e9 les promesses du secteur, l&rsquo;avion silencieux, d\u00e9carbon\u00e9 et non polluant n&rsquo;est pas pour demain.<\/p>\n<cite><em>Les signataires de la tribune<\/em> sur franceinfo<\/cite><\/blockquote>\n\n\n\n<p>Il n&rsquo;y a donc pas d&rsquo;autre solution \u00e0 court et moyen terme que de mettre un coup d&rsquo;arr\u00eat \u00e0 la croissance du trafic a\u00e9rien et de le r\u00e9duire progressivement pour limiter ses impacts \u00e0 la fois sanitaires et climatiques. Un tel changement de cap n&rsquo;\u00e9tant pas sans cons\u00e9quences sur l&#8217;emploi, il doit imp\u00e9rativement prendre en compte la reconversion des travailleurs concern\u00e9s.<\/p>\n\n\n\n<p>Le bruit n&rsquo;est pas qu&rsquo;une question d&rsquo;inconfort. C&rsquo;est un probl\u00e8me de sant\u00e9 publique majeur&nbsp;: troubles du sommeil, troubles cognitifs, hypertension, maladies cardiovasculaires. Son co\u00fbt social a \u00e9t\u00e9 estim\u00e9 <a href=\"https:\/\/presse.ademe.fr\/2021\/07\/147-milliards-deuros-cest-le-cout-social-du-bruit-en-france-par-an.html\" target=\"_blank\" rel=\"noreferrer noopener\">par l&rsquo;Ademe<\/a> \u00e0 6,1 milliards d&rsquo;euros annuels pour le seul bruit a\u00e9rien. Les directives europ\u00e9ennes qui imposent la mise en place de plans de r\u00e9duction ne sont respect\u00e9es par aucun des a\u00e9roports fran\u00e7ais. Et seuls de rares a\u00e9roports, comme Orly ou Nantes, se sont vu imposer des couvre-feux dont la dur\u00e9e reste malgr\u00e9 tout insuffisante pour permettre un sommeil d&rsquo;une dur\u00e9e compatible avec un bon \u00e9tat de sant\u00e9.<\/p>\n\n\n\n<p>La pollution de l&rsquo;air tue. Elle est m\u00eame la troisi\u00e8me cause de mortalit\u00e9 en France derri\u00e8re l&rsquo;alcool et le tabac. Les r\u00e9acteurs d&rsquo;avion polluent et, \u00e0 la diff\u00e9rence des moteurs d&rsquo;automobiles, il est impossible de les \u00e9quiper de filtres \u00e0 particules et \u00e0 oxydes d&rsquo;azote. De plus, les particules ultrafines (PUF) qu&rsquo;ils \u00e9mettent sont plus petites que celles des moteurs diesel, et donc potentiellement plus toxiques. Pourtant, elles ne sont ni r\u00e9glement\u00e9es ni mesur\u00e9es. L&rsquo;aviation de loisir, elle, br\u00fble encore de l&rsquo;essence plomb\u00e9e, interdite depuis plus de 20 ans pour l&rsquo;automobile&nbsp;! La pollution atmosph\u00e9rique des a\u00e9roports reste la grande oubli\u00e9e des politiques de qualit\u00e9 de l&rsquo;air.<\/p>\n\n\n\n<p>Enfin, c\u00f4t\u00e9 climat, le tableau est beaucoup moins reluisant que ce que le secteur a\u00e9rien veut nous faire croire \u00e0 coups de <em>\u00ab\u00a0greenwashing\u00a0\u00bb <\/em>: l&rsquo;aviation commerciale contribue \u00e0 hauteur de 7% aux \u00e9missions de CO2 de la France, et \u00e0 cela il faut ajouter l&rsquo;impact climatique des \u00e9missions autres que le CO2, notamment les tra\u00een\u00e9es de condensation, qui multiplient au moins par deux l&rsquo;impact du seul CO2. Ainsi, le <a href=\"https:\/\/www.hautconseilclimat.fr\/publications\/rapport-annuel-2022-depasser-les-constats-mettre-en-oeuvre-les-solutions\/\" target=\"_blank\" rel=\"noreferrer noopener\">Haut Conseil pour le climat<\/a> est formel : r\u00e9duire le trafic a\u00e9rien est indispensable pour tenir nos engagements climatiques, car les progr\u00e8s technologiques et les \u00ab\u00a0carburants d&rsquo;aviation durables\u00a0\u00bb ne seront pas disponibles en quantit\u00e9 suffisante dans les d\u00e9lais requis.<\/p>\n\n\n\n<p>Confront\u00e9s \u00e0 l&rsquo;aggravation des bouleversements climatiques et \u00e0 la d\u00e9gradation de la sant\u00e9 des populations affect\u00e9es, indign\u00e9s par la persistance d&rsquo;exemptions fiscales injustes et par l&rsquo;insignifiance des mesures prises \u00e0 la suite de la convention citoyenne pour le climat, nous sommes de plus en plus nombreux \u00e0 nous mobiliser. C&rsquo;est ainsi que les associations et les collectifs signataires de cette tribune organiseront ou soutiendront les manifestations du 9 au 14 mai dans le cadre d&rsquo;une mobilisation europ\u00e9enne. Nous demandons que la France suive la voie courageuse ouverte par les Pays-Bas et prenne enfin des mesures concr\u00e8tes : la limitation du nombre de vols \u2013 tout en s&rsquo;assurant que le bruit, la pollution de l&rsquo;air et les \u00e9missions de CO2 soient \u00e9galement orient\u00e9s \u00e0 la baisse \u2013 et la g\u00e9n\u00e9ralisation des couvre-feux dans les a\u00e9roports, les a\u00e9rodromes et les h\u00e9liports.<\/p>\n\n\n\n<p><strong>Les signataires :<\/strong><\/p>\n\n\n\n<p>Alliance associative pour la suppression des nuisances a\u00e9riennes et la reconversion de l&rsquo;a\u00e9rodrome de Toussus-le-Noble<br>Association contre les dangers et les nuisances a\u00e9riennes de l&rsquo;a\u00e9roport d&rsquo;Annecy-Meythet (ACDNA)<br>Association citoyenne de d\u00e9fense du calme Azur (ACDC Azur)&nbsp;<br>Association citoyenne de Saint-Pierre-R\u00e9union<br>Association contre les nuisances de l&rsquo;a\u00e9rodrome de Lasclaveries (Pyr\u00e9n\u00e9es-Atlantiques)<br>Action non violente COP21 (ANV-COP21)<br>Association de d\u00e9fense contre les nuisances a\u00e9riennes (Adecna)<br>Association de d\u00e9fense de l\u2019environnement des riverains de l\u2019a\u00e9roport de Beauvais-Till\u00e9 (Adera)<br>Association de d\u00e9fense contre les nuisances a\u00e9riennes de l&rsquo;a\u00e9roport de Cannes-Mandelieu (ADNA)<br>Association de d\u00e9fense contre les nuisances de l&rsquo;a\u00e9rodrome de Chavenay (Adnac)<br>Association de d\u00e9fense contre les nuisances a\u00e9riennes de Lille-Lesquin (Adna2L)<br>Association de d\u00e9fense des habitants de Poisy contre les nuisances a\u00e9riennes (ADP)<br>Association de d\u00e9fense des riverains de l&rsquo;a\u00e9roport de B\u00e2le-Mulhouse (ADRA)<br>Association de d\u00e9fense des r\u00e9sidents du d\u00e9partement de la R\u00e9union (Kolair974)<br>Association de d\u00e9fense des riverains de Roissy et du Bourget (Advocnar)<br>AEHDCNA-Bordeaux M\u00e9rignac<br>Association Grande-Motte environnement (AGME)<br>Association Templemars survol\u00e9 d\u00e9fense des riverains de l&rsquo;a\u00e9roport de Lille-Lesquin (ATSDRAL)<br>Alofa Tuvalu<br>Alternatiba<br>Alternatiba Paris<br>ANA Paris Orly&nbsp;<br>Association de protection de cadre de vie et de l&rsquo;environnement balmanais (APCVEB, riverains de l&rsquo;a\u00e9rodrome de Toulouse-Lasbordes)&nbsp;<br>Association des riverains de l&rsquo;a\u00e9rodrome de Lognes-Emerainville (Arale)<br>Arec Plaine de France<br>Les Ateliers Icare<br>Collectif Atterrissons d&rsquo;urgence de Montpellier<br>AviActions &#8211; R\u00e9seau des luttes locales pour la r\u00e9duction du trafic a\u00e9rien<br>Les amis de la Terre Val-d&rsquo;Oise (ATVO)<br>Association Bondy \u00e9cologie<br>Les associations de riverains des a\u00e9rodromes de Lyon-Bron, Lyon-Corbas et Villefranche-Tarare&nbsp;(Rh\u00f4ne)<br>Collectif contre les nuisances a\u00e9riennes de l&rsquo;agglom\u00e9ration toulousaine (CCNAAT)<br>Collectif danger Aix avenir (CD2A, \u00e0 Aix-en-Provence)<br>Cilaos mon amour (La R\u00e9union)<br>Collectif interassociatif du refus des nuisances a\u00e9riennes dans le Nord-Ouest&nbsp;francilien (Cirena)<br>Collectif Citoyen 06 (Alpes-Maritimes)<br>Contre Green Dock (Epinay-sur-Seine)<br>Association Collembole et Cie (Beauvais)<br>Comit\u00e9s des riverains de l&rsquo;a\u00e9roport Saint-Exup\u00e9ry (Corias)<br>Collectif Sant\u00e9 nuisances a\u00e9riennes (CSNA)<br>D\u00e9fense des int\u00e9r\u00eats des riverains de l&rsquo;a\u00e9rodrome de Pontoise-Cormeilles (Dirap)<br>D\u00e9fense des riverains a\u00e9roport Paris-Orly (Drapo)<br>Association Environnement, cadre de vie, urbanisme \u00e0 Verson (ECU, a\u00e9roports normands)<br>Association Environnement Dhuys et Marne (EnDeMa 93)<br>Environnement 93<br>France nature environnement&nbsp;<br>France nature environnement Alpes-Maritimes&nbsp;<br>France nature environnement Bouches-du-Rh\u00f4ne<br>France nature environnement Ile-de-France<br>France nature environnement Seine-et-Marne<br>Greenpeace<br>Non \u00e0 l&rsquo;agrandissement de l&rsquo;a\u00e9roport de Lille-Lesquin (Nada)<br>Collectif Non au T4 (Roissy)<br>Collectif Non \u00e0 l&rsquo;a\u00e9roport d&rsquo;Andorre&nbsp;<br>Mouvement national de lutte pour l&rsquo;environnement 93 et Nord-Est parisien<br>Association Opposition aux nuisances a\u00e9riennes Seine-et-Marne et Aisne (Onasa)<br>OYE 349 (association de protection des riverains de l&rsquo;a\u00e9roport d&rsquo;Orly)<br>Collectif Pensons l&rsquo;a\u00e9ronautique pour demain<br>Association Pour tous \u00e0 Houplin-Ancoisne<br>Association Protection berges de Seine (Epinay-sur-Seine)<br>Association Quercy blanc tranquille<br>R\u00e9seau Rester sur Terre (Stay Grounded)<br>R\u00e9seau action climat<br>Collectif Les Survol\u00e9s (Lille-Lesquin)<br>SOS Vall\u00e9e de Montmorency<br>Collectif Stop extension a\u00e9roport Marseille-Provence<br>Agir pour le climat (Taca)<br>Collectif pour le triangle de Gonesse (CPTG)<br>Union europ\u00e9enne contre les nuisances a\u00e9riennes (Uecna)&nbsp;<br>Union fran\u00e7aise contre les nuisances des a\u00e9ronefs (UFCNA)<br>Union f\u00e9d\u00e9rale contre les nuisances de l&rsquo;a\u00e9roport de Strasbourg-Entzheim (Ufnase)<br>Collectif Val-d&rsquo;Oise environnement (VOE)<\/p>\n","protected":false},"excerpt":{"rendered":"<p>09.05.2023 &#8211; Franceinfo Lire la tribune sur Franceinfo Dans une tribune publi\u00e9e sur franceinfo, ces organisations encouragent \u00e0 manifester, de mardi \u00e0 dimanche, en faveur \u00ab\u00a0du plafonnement \u00e0 la baisse du nombre de vols\u00a0\u00bb et pour \u00ab\u00a0un couvre-feu dans tous les a\u00e9roports, a\u00e9rodromes et h\u00e9liports de France\u00a0\u00bb. Ils d\u00e9noncent l&rsquo;impact de la croissance du trafic [&hellip;]<\/p>\n","protected":false},"author":10,"featured_media":78609,"comment_status":"closed","ping_status":"open","sticky":false,"template":"","format":"standard","meta":{"footnotes":""},"categories":[49],"tags":[],"yoast_head":"<!-- This site is optimized with the Yoast SEO plugin v22.0 - https:\/\/yoast.com\/wordpress\/plugins\/seo\/ -->\n<title>TRIBUNE - Pour la sant\u00e9 et le climat, plus de 70 associations environnementales appellent \u00e0 &quot;r\u00e9duire progressivement le trafic a\u00e9rien&quot; - Advocnar<\/title>\n<meta name=\"robots\" content=\"index, follow, max-snippet:-1, max-image-preview:large, max-video-preview:-1\" \/>\n<link rel=\"canonical\" href=\"https:\/\/www.clients.horus-informatique71.fr\/advocnar_backup\/2023\/05\/tribune-pour-la-sante-et-le-climat-plus-de-70-associations-environnementales-appellent-a-reduire-progressivement-le-trafic-aerien\/\" \/>\n<meta property=\"og:locale\" content=\"fr_FR\" \/>\n<meta property=\"og:type\" content=\"article\" \/>\n<meta property=\"og:title\" content=\"TRIBUNE - Pour la sant\u00e9 et le climat, plus de 70 associations environnementales appellent \u00e0 &quot;r\u00e9duire progressivement le trafic a\u00e9rien&quot; - Advocnar\" \/>\n<meta property=\"og:description\" content=\"09.05.2023 &#8211; Franceinfo Lire la tribune sur Franceinfo Dans une tribune publi\u00e9e sur franceinfo, ces organisations encouragent \u00e0 manifester, de mardi \u00e0 dimanche, en faveur \u00ab\u00a0du plafonnement \u00e0 la baisse du nombre de vols\u00a0\u00bb et pour \u00ab\u00a0un couvre-feu dans tous les a\u00e9roports, a\u00e9rodromes et h\u00e9liports de France\u00a0\u00bb. Ils d\u00e9noncent l&rsquo;impact de la croissance du trafic [&hellip;]\" \/>\n<meta property=\"og:url\" content=\"https:\/\/www.clients.horus-informatique71.fr\/advocnar_backup\/2023\/05\/tribune-pour-la-sante-et-le-climat-plus-de-70-associations-environnementales-appellent-a-reduire-progressivement-le-trafic-aerien\/\" \/>\n<meta property=\"og:site_name\" content=\"Advocnar\" \/>\n<meta property=\"article:published_time\" content=\"2023-05-09T06:57:39+00:00\" \/>\n<meta property=\"article:modified_time\" content=\"2023-06-11T17:52:26+00:00\" \/>\n<meta property=\"og:image\" content=\"https:\/\/www.clients.horus-informatique71.fr\/advocnar_backup\/wp-content\/uploads\/2023\/04\/banderole-uecna-2-scaled.jpg\" \/>\n\t<meta property=\"og:image:width\" content=\"2560\" \/>\n\t<meta property=\"og:image:height\" content=\"768\" \/>\n\t<meta property=\"og:image:type\" content=\"image\/jpeg\" \/>\n<meta name=\"author\" content=\"FBrochot\" \/>\n<meta name=\"twitter:card\" content=\"summary_large_image\" \/>\n<meta name=\"twitter:label1\" content=\"\u00c9crit par\" \/>\n\t<meta name=\"twitter:data1\" content=\"FBrochot\" \/>\n\t<meta name=\"twitter:label2\" content=\"Dur\u00e9e de lecture estim\u00e9e\" \/>\n\t<meta name=\"twitter:data2\" content=\"8 minutes\" \/>\n<script type=\"application\/ld+json\" class=\"yoast-schema-graph\">{\"@context\":\"https:\/\/schema.org\",\"@graph\":[{\"@type\":\"WebPage\",\"@id\":\"https:\/\/www.clients.horus-informatique71.fr\/advocnar_backup\/2023\/05\/tribune-pour-la-sante-et-le-climat-plus-de-70-associations-environnementales-appellent-a-reduire-progressivement-le-trafic-aerien\/\",\"url\":\"https:\/\/www.clients.horus-informatique71.fr\/advocnar_backup\/2023\/05\/tribune-pour-la-sante-et-le-climat-plus-de-70-associations-environnementales-appellent-a-reduire-progressivement-le-trafic-aerien\/\",\"name\":\"TRIBUNE - Pour la sant\u00e9 et le climat, plus de 70 associations environnementales appellent \u00e0 \\\"r\u00e9duire progressivement le trafic a\u00e9rien\\\" - Advocnar\",\"isPartOf\":{\"@id\":\"https:\/\/www.clients.horus-informatique71.fr\/advocnar_backup\/#website\"},\"datePublished\":\"2023-05-09T06:57:39+00:00\",\"dateModified\":\"2023-06-11T17:52:26+00:00\",\"author\":{\"@id\":\"https:\/\/www.clients.horus-informatique71.fr\/advocnar_backup\/#\/schema\/person\/28ec283f897fb44e1146415d8015d23e\"},\"breadcrumb\":{\"@id\":\"https:\/\/www.clients.horus-informatique71.fr\/advocnar_backup\/2023\/05\/tribune-pour-la-sante-et-le-climat-plus-de-70-associations-environnementales-appellent-a-reduire-progressivement-le-trafic-aerien\/#breadcrumb\"},\"inLanguage\":\"fr-FR\",\"potentialAction\":[{\"@type\":\"ReadAction\",\"target\":[\"https:\/\/www.clients.horus-informatique71.fr\/advocnar_backup\/2023\/05\/tribune-pour-la-sante-et-le-climat-plus-de-70-associations-environnementales-appellent-a-reduire-progressivement-le-trafic-aerien\/\"]}]},{\"@type\":\"BreadcrumbList\",\"@id\":\"https:\/\/www.clients.horus-informatique71.fr\/advocnar_backup\/2023\/05\/tribune-pour-la-sante-et-le-climat-plus-de-70-associations-environnementales-appellent-a-reduire-progressivement-le-trafic-aerien\/#breadcrumb\",\"itemListElement\":[{\"@type\":\"ListItem\",\"position\":1,\"name\":\"Accueil\",\"item\":\"https:\/\/www.clients.horus-informatique71.fr\/advocnar_backup\/\"},{\"@type\":\"ListItem\",\"position\":2,\"name\":\"TRIBUNE &#8211; Pour la sant\u00e9 et le climat, plus de 70 associations environnementales appellent \u00e0 \u00ab\u00a0r\u00e9duire progressivement le trafic a\u00e9rien\u00a0\u00bb\"}]},{\"@type\":\"WebSite\",\"@id\":\"https:\/\/www.clients.horus-informatique71.fr\/advocnar_backup\/#website\",\"url\":\"https:\/\/www.clients.horus-informatique71.fr\/advocnar_backup\/\",\"name\":\"Advocnar\",\"description\":\"Association de D\u00e9fense Contre les Nuisances A\u00e9riennes\",\"potentialAction\":[{\"@type\":\"SearchAction\",\"target\":{\"@type\":\"EntryPoint\",\"urlTemplate\":\"https:\/\/www.clients.horus-informatique71.fr\/advocnar_backup\/?s={search_term_string}\"},\"query-input\":\"required name=search_term_string\"}],\"inLanguage\":\"fr-FR\"},{\"@type\":\"Person\",\"@id\":\"https:\/\/www.clients.horus-informatique71.fr\/advocnar_backup\/#\/schema\/person\/28ec283f897fb44e1146415d8015d23e\",\"name\":\"FBrochot\",\"url\":\"https:\/\/www.clients.horus-informatique71.fr\/advocnar_backup\/author\/fbrochot\/\"}]}<\/script>\n<!-- \/ Yoast SEO plugin. -->","yoast_head_json":{"title":"TRIBUNE - Pour la sant\u00e9 et le climat, plus de 70 associations environnementales appellent \u00e0 \"r\u00e9duire progressivement le trafic a\u00e9rien\" - Advocnar","robots":{"index":"index","follow":"follow","max-snippet":"max-snippet:-1","max-image-preview":"max-image-preview:large","max-video-preview":"max-video-preview:-1"},"canonical":"https:\/\/www.clients.horus-informatique71.fr\/advocnar_backup\/2023\/05\/tribune-pour-la-sante-et-le-climat-plus-de-70-associations-environnementales-appellent-a-reduire-progressivement-le-trafic-aerien\/","og_locale":"fr_FR","og_type":"article","og_title":"TRIBUNE - Pour la sant\u00e9 et le climat, plus de 70 associations environnementales appellent \u00e0 \"r\u00e9duire progressivement le trafic a\u00e9rien\" - Advocnar","og_description":"09.05.2023 &#8211; Franceinfo Lire la tribune sur Franceinfo Dans une tribune publi\u00e9e sur franceinfo, ces organisations encouragent \u00e0 manifester, de mardi \u00e0 dimanche, en faveur \u00ab\u00a0du plafonnement \u00e0 la baisse du nombre de vols\u00a0\u00bb et pour \u00ab\u00a0un couvre-feu dans tous les a\u00e9roports, a\u00e9rodromes et h\u00e9liports de France\u00a0\u00bb. Ils d\u00e9noncent l&rsquo;impact de la croissance du trafic [&hellip;]","og_url":"https:\/\/www.clients.horus-informatique71.fr\/advocnar_backup\/2023\/05\/tribune-pour-la-sante-et-le-climat-plus-de-70-associations-environnementales-appellent-a-reduire-progressivement-le-trafic-aerien\/","og_site_name":"Advocnar","article_published_time":"2023-05-09T06:57:39+00:00","article_modified_time":"2023-06-11T17:52:26+00:00","og_image":[{"width":2560,"height":768,"url":"https:\/\/www.clients.horus-informatique71.fr\/advocnar_backup\/wp-content\/uploads\/2023\/04\/banderole-uecna-2-scaled.jpg","type":"image\/jpeg"}],"author":"FBrochot","twitter_card":"summary_large_image","twitter_misc":{"\u00c9crit par":"FBrochot","Dur\u00e9e de lecture estim\u00e9e":"8 minutes"},"schema":{"@context":"https:\/\/schema.org","@graph":[{"@type":"WebPage","@id":"https:\/\/www.clients.horus-informatique71.fr\/advocnar_backup\/2023\/05\/tribune-pour-la-sante-et-le-climat-plus-de-70-associations-environnementales-appellent-a-reduire-progressivement-le-trafic-aerien\/","url":"https:\/\/www.clients.horus-informatique71.fr\/advocnar_backup\/2023\/05\/tribune-pour-la-sante-et-le-climat-plus-de-70-associations-environnementales-appellent-a-reduire-progressivement-le-trafic-aerien\/","name":"TRIBUNE - Pour la sant\u00e9 et le climat, plus de 70 associations environnementales appellent \u00e0 \"r\u00e9duire progressivement le trafic a\u00e9rien\" - Advocnar","isPartOf":{"@id":"https:\/\/www.clients.horus-informatique71.fr\/advocnar_backup\/#website"},"datePublished":"2023-05-09T06:57:39+00:00","dateModified":"2023-06-11T17:52:26+00:00","author":{"@id":"https:\/\/www.clients.horus-informatique71.fr\/advocnar_backup\/#\/schema\/person\/28ec283f897fb44e1146415d8015d23e"},"breadcrumb":{"@id":"https:\/\/www.clients.horus-informatique71.fr\/advocnar_backup\/2023\/05\/tribune-pour-la-sante-et-le-climat-plus-de-70-associations-environnementales-appellent-a-reduire-progressivement-le-trafic-aerien\/#breadcrumb"},"inLanguage":"fr-FR","potentialAction":[{"@type":"ReadAction","target":["https:\/\/www.clients.horus-informatique71.fr\/advocnar_backup\/2023\/05\/tribune-pour-la-sante-et-le-climat-plus-de-70-associations-environnementales-appellent-a-reduire-progressivement-le-trafic-aerien\/"]}]},{"@type":"BreadcrumbList","@id":"https:\/\/www.clients.horus-informatique71.fr\/advocnar_backup\/2023\/05\/tribune-pour-la-sante-et-le-climat-plus-de-70-associations-environnementales-appellent-a-reduire-progressivement-le-trafic-aerien\/#breadcrumb","itemListElement":[{"@type":"ListItem","position":1,"name":"Accueil","item":"https:\/\/www.clients.horus-informatique71.fr\/advocnar_backup\/"},{"@type":"ListItem","position":2,"name":"TRIBUNE &#8211; Pour la sant\u00e9 et le climat, plus de 70 associations environnementales appellent \u00e0 \u00ab\u00a0r\u00e9duire progressivement le trafic a\u00e9rien\u00a0\u00bb"}]},{"@type":"WebSite","@id":"https:\/\/www.clients.horus-informatique71.fr\/advocnar_backup\/#website","url":"https:\/\/www.clients.horus-informatique71.fr\/advocnar_backup\/","name":"Advocnar","description":"Association de D\u00e9fense Contre les Nuisances A\u00e9riennes","potentialAction":[{"@type":"SearchAction","target":{"@type":"EntryPoint","urlTemplate":"https:\/\/www.clients.horus-informatique71.fr\/advocnar_backup\/?s={search_term_string}"},"query-input":"required name=search_term_string"}],"inLanguage":"fr-FR"},{"@type":"Person","@id":"https:\/\/www.clients.horus-informatique71.fr\/advocnar_backup\/#\/schema\/person\/28ec283f897fb44e1146415d8015d23e","name":"FBrochot","url":"https:\/\/www.clients.horus-informatique71.fr\/advocnar_backup\/author\/fbrochot\/"}]}},"_links":{"self":[{"href":"https:\/\/www.clients.horus-informatique71.fr\/advocnar_backup\/wp-json\/wp\/v2\/posts\/78664"}],"collection":[{"href":"https:\/\/www.clients.horus-informatique71.fr\/advocnar_backup\/wp-json\/wp\/v2\/posts"}],"about":[{"href":"https:\/\/www.clients.horus-informatique71.fr\/advocnar_backup\/wp-json\/wp\/v2\/types\/post"}],"author":[{"embeddable":true,"href":"https:\/\/www.clients.horus-informatique71.fr\/advocnar_backup\/wp-json\/wp\/v2\/users\/10"}],"replies":[{"embeddable":true,"href":"https:\/\/www.clients.horus-informatique71.fr\/advocnar_backup\/wp-json\/wp\/v2\/comments?post=78664"}],"version-history":[{"count":8,"href":"https:\/\/www.clients.horus-informatique71.fr\/advocnar_backup\/wp-json\/wp\/v2\/posts\/78664\/revisions"}],"predecessor-version":[{"id":78674,"href":"https:\/\/www.clients.horus-informatique71.fr\/advocnar_backup\/wp-json\/wp\/v2\/posts\/78664\/revisions\/78674"}],"wp:featuredmedia":[{"embeddable":true,"href":"https:\/\/www.clients.horus-informatique71.fr\/advocnar_backup\/wp-json\/wp\/v2\/media\/78609"}],"wp:attachment":[{"href":"https:\/\/www.clients.horus-informatique71.fr\/advocnar_backup\/wp-json\/wp\/v2\/media?parent=78664"}],"wp:term":[{"taxonomy":"category","embeddable":true,"href":"https:\/\/www.clients.horus-informatique71.fr\/advocnar_backup\/wp-json\/wp\/v2\/categories?post=78664"},{"taxonomy":"post_tag","embeddable":true,"href":"https:\/\/www.clients.horus-informatique71.fr\/advocnar_backup\/wp-json\/wp\/v2\/tags?post=78664"}],"curies":[{"name":"wp","href":"https:\/\/api.w.org\/{rel}","templated":true}]}}