{"id":78783,"date":"2023-07-09T23:20:51","date_gmt":"2023-07-09T21:20:51","guid":{"rendered":"https:\/\/www.clients.horus-informatique71.fr\/advocnar_backup\/?p=78783"},"modified":"2023-07-09T23:30:10","modified_gmt":"2023-07-09T21:30:10","slug":"roissy-fermeture-de-la-piste-1-pour-travaux-du-17-juillet-au-6-novembre-2023","status":"publish","type":"post","link":"https:\/\/www.clients.horus-informatique71.fr\/advocnar_backup\/2023\/07\/roissy-fermeture-de-la-piste-1-pour-travaux-du-17-juillet-au-6-novembre-2023\/","title":{"rendered":"Roissy : Fermeture de la piste 1 pour travaux du 17 juillet au 6 novembre 2023"},"content":{"rendered":"\n<div style=\"height:20px\" aria-hidden=\"true\" class=\"wp-block-spacer\"><\/div>\n\n\n\n<p class=\"has-vivid-red-color has-text-color\"><em><strong>Informations fournies par ADP<\/strong><\/em><\/p>\n\n\n\n<p><\/p>\n\n\n\n<h5 class=\"wp-block-heading\">Comme l&rsquo;an dernier \u00e0 la m\u00eame p\u00e9riode, ADP poursuit  la r\u00e9fection de la piste 1, l&rsquo;une des pistes du doublet nord de Paris-Charles de Gaulle, \u00e0 compter du 17 juillet et jusqu&rsquo;au 6 novembre 2022.<\/h5>\n\n\n\n<p>Pendant ces travaux, la piste 1 sera ferm\u00e9e et la piste 3 (situ\u00e9e au nord de la piste 1) accueillera \u00e0 la fois des d\u00e9collages (pour les avions dont les performances le permettent) et des atterrissages.<\/p>\n\n\n\n<p>Les terminaux ouverts et le niveau de trafic attendu \u00e0 date pendant la phase des travaux montrent que la fermeture de la piste 1 g\u00e9n\u00e8rera un report de vols sur le doublet Sud (pistes 2 et 4), estim\u00e9 par ADP inf\u00e9rieur \u00e0 10 %. L\u2019utilisation de la piste 3 s\u2019intensifiera du fait de l\u2019utilisation en mode banalis\u00e9 (arriv\u00e9es et d\u00e9parts).<\/p>\n\n\n\n<p>Plus d&rsquo;informations sur le site <a href=\"https:\/\/entrevoisins.groupeadp.fr\/projets\/fermeture-de-la-piste-1-09r-27l-a-paris-charles-de-gaulle-du-17-juillet-au-6-novembre-2023\/\">www.entrevoisins.org<\/a><\/p>\n\n\n\n<h5 class=\"wp-block-heading\">Des interrogations ?<\/h5>\n\n\n\n<p>N&rsquo;h\u00e9sitez pas \u00e0 contacter l\u2019\u00e9quipe de la Maison de l\u2019Environnement et du D\u00e9veloppement durable de l\u2019a\u00e9roport de Paris-Charles de Gaulle<strong> <\/strong>qui se tient \u00e0 votre disposition pour r\u00e9pondre \u00e0 toutes vos questions. <\/p>\n\n\n\n<p>Pour le Groupe ADP : <a href=\"mailto:visiteCDG@adp.fr\">visiteCDG@adp.fr<\/a> ou 0805 712 712<\/p>\n\n\n\n<p>Pour la DGAC : <a href=\"environnement-dsna@aviation-civile.gouv.fr\">environnement-dsna@aviation-civile.gouv.fr <\/a><\/p>\n\n\n\n<p><\/p>\n\n\n\n<p><\/p>\n","protected":false},"excerpt":{"rendered":"<p>Informations fournies par ADP Comme l&rsquo;an dernier \u00e0 la m\u00eame p\u00e9riode, ADP poursuit la r\u00e9fection de la piste 1, l&rsquo;une des pistes du doublet nord de Paris-Charles de Gaulle, \u00e0 compter du 17 juillet et jusqu&rsquo;au 6 novembre 2022. Pendant ces travaux, la piste 1 sera ferm\u00e9e et la piste 3 (situ\u00e9e au nord de [&hellip;]<\/p>\n","protected":false},"author":10,"featured_media":78136,"comment_status":"closed","ping_status":"open","sticky":false,"template":"","format":"standard","meta":{"footnotes":""},"categories":[46],"tags":[],"yoast_head":"<!-- This site is optimized with the Yoast SEO plugin v22.0 - https:\/\/yoast.com\/wordpress\/plugins\/seo\/ -->\n<title>Roissy : Fermeture de la piste 1 pour travaux du 17 juillet au 6 novembre 2023 - Advocnar<\/title>\n<meta name=\"robots\" content=\"index, follow, max-snippet:-1, max-image-preview:large, max-video-preview:-1\" \/>\n<link rel=\"canonical\" href=\"https:\/\/www.clients.horus-informatique71.fr\/advocnar_backup\/2023\/07\/roissy-fermeture-de-la-piste-1-pour-travaux-du-17-juillet-au-6-novembre-2023\/\" \/>\n<meta property=\"og:locale\" content=\"fr_FR\" \/>\n<meta property=\"og:type\" content=\"article\" \/>\n<meta property=\"og:title\" content=\"Roissy : Fermeture de la piste 1 pour travaux du 17 juillet au 6 novembre 2023 - Advocnar\" \/>\n<meta property=\"og:description\" content=\"Informations fournies par ADP Comme l&rsquo;an dernier \u00e0 la m\u00eame p\u00e9riode, ADP poursuit la r\u00e9fection de la piste 1, l&rsquo;une des pistes du doublet nord de Paris-Charles de Gaulle, \u00e0 compter du 17 juillet et jusqu&rsquo;au 6 novembre 2022. Pendant ces travaux, la piste 1 sera ferm\u00e9e et la piste 3 (situ\u00e9e au nord de [&hellip;]\" \/>\n<meta property=\"og:url\" content=\"https:\/\/www.clients.horus-informatique71.fr\/advocnar_backup\/2023\/07\/roissy-fermeture-de-la-piste-1-pour-travaux-du-17-juillet-au-6-novembre-2023\/\" \/>\n<meta property=\"og:site_name\" content=\"Advocnar\" \/>\n<meta property=\"article:published_time\" content=\"2023-07-09T21:20:51+00:00\" \/>\n<meta property=\"article:modified_time\" content=\"2023-07-09T21:30:10+00:00\" \/>\n<meta property=\"og:image\" content=\"https:\/\/www.clients.horus-informatique71.fr\/advocnar_backup\/wp-content\/uploads\/2022\/07\/Travaux-piste-1.png\" \/>\n\t<meta property=\"og:image:width\" content=\"604\" \/>\n\t<meta property=\"og:image:height\" content=\"453\" \/>\n\t<meta property=\"og:image:type\" content=\"image\/png\" \/>\n<meta name=\"author\" content=\"FBrochot\" \/>\n<meta name=\"twitter:card\" content=\"summary_large_image\" \/>\n<meta name=\"twitter:label1\" content=\"\u00c9crit par\" \/>\n\t<meta name=\"twitter:data1\" content=\"FBrochot\" \/>\n\t<meta name=\"twitter:label2\" content=\"Dur\u00e9e de lecture estim\u00e9e\" \/>\n\t<meta name=\"twitter:data2\" content=\"1 minute\" \/>\n<script type=\"application\/ld+json\" class=\"yoast-schema-graph\">{\"@context\":\"https:\/\/schema.org\",\"@graph\":[{\"@type\":\"WebPage\",\"@id\":\"https:\/\/www.clients.horus-informatique71.fr\/advocnar_backup\/2023\/07\/roissy-fermeture-de-la-piste-1-pour-travaux-du-17-juillet-au-6-novembre-2023\/\",\"url\":\"https:\/\/www.clients.horus-informatique71.fr\/advocnar_backup\/2023\/07\/roissy-fermeture-de-la-piste-1-pour-travaux-du-17-juillet-au-6-novembre-2023\/\",\"name\":\"Roissy : Fermeture de la piste 1 pour travaux du 17 juillet au 6 novembre 2023 - Advocnar\",\"isPartOf\":{\"@id\":\"https:\/\/www.clients.horus-informatique71.fr\/advocnar_backup\/#website\"},\"datePublished\":\"2023-07-09T21:20:51+00:00\",\"dateModified\":\"2023-07-09T21:30:10+00:00\",\"author\":{\"@id\":\"https:\/\/www.clients.horus-informatique71.fr\/advocnar_backup\/#\/schema\/person\/28ec283f897fb44e1146415d8015d23e\"},\"breadcrumb\":{\"@id\":\"https:\/\/www.clients.horus-informatique71.fr\/advocnar_backup\/2023\/07\/roissy-fermeture-de-la-piste-1-pour-travaux-du-17-juillet-au-6-novembre-2023\/#breadcrumb\"},\"inLanguage\":\"fr-FR\",\"potentialAction\":[{\"@type\":\"ReadAction\",\"target\":[\"https:\/\/www.clients.horus-informatique71.fr\/advocnar_backup\/2023\/07\/roissy-fermeture-de-la-piste-1-pour-travaux-du-17-juillet-au-6-novembre-2023\/\"]}]},{\"@type\":\"BreadcrumbList\",\"@id\":\"https:\/\/www.clients.horus-informatique71.fr\/advocnar_backup\/2023\/07\/roissy-fermeture-de-la-piste-1-pour-travaux-du-17-juillet-au-6-novembre-2023\/#breadcrumb\",\"itemListElement\":[{\"@type\":\"ListItem\",\"position\":1,\"name\":\"Accueil\",\"item\":\"https:\/\/www.clients.horus-informatique71.fr\/advocnar_backup\/\"},{\"@type\":\"ListItem\",\"position\":2,\"name\":\"Roissy : Fermeture de la piste 1 pour travaux du 17 juillet au 6 novembre 2023\"}]},{\"@type\":\"WebSite\",\"@id\":\"https:\/\/www.clients.horus-informatique71.fr\/advocnar_backup\/#website\",\"url\":\"https:\/\/www.clients.horus-informatique71.fr\/advocnar_backup\/\",\"name\":\"Advocnar\",\"description\":\"Association de D\u00e9fense Contre les Nuisances A\u00e9riennes\",\"potentialAction\":[{\"@type\":\"SearchAction\",\"target\":{\"@type\":\"EntryPoint\",\"urlTemplate\":\"https:\/\/www.clients.horus-informatique71.fr\/advocnar_backup\/?s={search_term_string}\"},\"query-input\":\"required name=search_term_string\"}],\"inLanguage\":\"fr-FR\"},{\"@type\":\"Person\",\"@id\":\"https:\/\/www.clients.horus-informatique71.fr\/advocnar_backup\/#\/schema\/person\/28ec283f897fb44e1146415d8015d23e\",\"name\":\"FBrochot\",\"url\":\"https:\/\/www.clients.horus-informatique71.fr\/advocnar_backup\/author\/fbrochot\/\"}]}<\/script>\n<!-- \/ Yoast SEO plugin. -->","yoast_head_json":{"title":"Roissy : Fermeture de la piste 1 pour travaux du 17 juillet au 6 novembre 2023 - Advocnar","robots":{"index":"index","follow":"follow","max-snippet":"max-snippet:-1","max-image-preview":"max-image-preview:large","max-video-preview":"max-video-preview:-1"},"canonical":"https:\/\/www.clients.horus-informatique71.fr\/advocnar_backup\/2023\/07\/roissy-fermeture-de-la-piste-1-pour-travaux-du-17-juillet-au-6-novembre-2023\/","og_locale":"fr_FR","og_type":"article","og_title":"Roissy : Fermeture de la piste 1 pour travaux du 17 juillet au 6 novembre 2023 - Advocnar","og_description":"Informations fournies par ADP Comme l&rsquo;an dernier \u00e0 la m\u00eame p\u00e9riode, ADP poursuit la r\u00e9fection de la piste 1, l&rsquo;une des pistes du doublet nord de Paris-Charles de Gaulle, \u00e0 compter du 17 juillet et jusqu&rsquo;au 6 novembre 2022. Pendant ces travaux, la piste 1 sera ferm\u00e9e et la piste 3 (situ\u00e9e au nord de [&hellip;]","og_url":"https:\/\/www.clients.horus-informatique71.fr\/advocnar_backup\/2023\/07\/roissy-fermeture-de-la-piste-1-pour-travaux-du-17-juillet-au-6-novembre-2023\/","og_site_name":"Advocnar","article_published_time":"2023-07-09T21:20:51+00:00","article_modified_time":"2023-07-09T21:30:10+00:00","og_image":[{"width":604,"height":453,"url":"https:\/\/www.clients.horus-informatique71.fr\/advocnar_backup\/wp-content\/uploads\/2022\/07\/Travaux-piste-1.png","type":"image\/png"}],"author":"FBrochot","twitter_card":"summary_large_image","twitter_misc":{"\u00c9crit par":"FBrochot","Dur\u00e9e de lecture estim\u00e9e":"1 minute"},"schema":{"@context":"https:\/\/schema.org","@graph":[{"@type":"WebPage","@id":"https:\/\/www.clients.horus-informatique71.fr\/advocnar_backup\/2023\/07\/roissy-fermeture-de-la-piste-1-pour-travaux-du-17-juillet-au-6-novembre-2023\/","url":"https:\/\/www.clients.horus-informatique71.fr\/advocnar_backup\/2023\/07\/roissy-fermeture-de-la-piste-1-pour-travaux-du-17-juillet-au-6-novembre-2023\/","name":"Roissy : Fermeture de la piste 1 pour travaux du 17 juillet au 6 novembre 2023 - Advocnar","isPartOf":{"@id":"https:\/\/www.clients.horus-informatique71.fr\/advocnar_backup\/#website"},"datePublished":"2023-07-09T21:20:51+00:00","dateModified":"2023-07-09T21:30:10+00:00","author":{"@id":"https:\/\/www.clients.horus-informatique71.fr\/advocnar_backup\/#\/schema\/person\/28ec283f897fb44e1146415d8015d23e"},"breadcrumb":{"@id":"https:\/\/www.clients.horus-informatique71.fr\/advocnar_backup\/2023\/07\/roissy-fermeture-de-la-piste-1-pour-travaux-du-17-juillet-au-6-novembre-2023\/#breadcrumb"},"inLanguage":"fr-FR","potentialAction":[{"@type":"ReadAction","target":["https:\/\/www.clients.horus-informatique71.fr\/advocnar_backup\/2023\/07\/roissy-fermeture-de-la-piste-1-pour-travaux-du-17-juillet-au-6-novembre-2023\/"]}]},{"@type":"BreadcrumbList","@id":"https:\/\/www.clients.horus-informatique71.fr\/advocnar_backup\/2023\/07\/roissy-fermeture-de-la-piste-1-pour-travaux-du-17-juillet-au-6-novembre-2023\/#breadcrumb","itemListElement":[{"@type":"ListItem","position":1,"name":"Accueil","item":"https:\/\/www.clients.horus-informatique71.fr\/advocnar_backup\/"},{"@type":"ListItem","position":2,"name":"Roissy : Fermeture de la piste 1 pour travaux du 17 juillet au 6 novembre 2023"}]},{"@type":"WebSite","@id":"https:\/\/www.clients.horus-informatique71.fr\/advocnar_backup\/#website","url":"https:\/\/www.clients.horus-informatique71.fr\/advocnar_backup\/","name":"Advocnar","description":"Association de D\u00e9fense Contre les Nuisances A\u00e9riennes","potentialAction":[{"@type":"SearchAction","target":{"@type":"EntryPoint","urlTemplate":"https:\/\/www.clients.horus-informatique71.fr\/advocnar_backup\/?s={search_term_string}"},"query-input":"required name=search_term_string"}],"inLanguage":"fr-FR"},{"@type":"Person","@id":"https:\/\/www.clients.horus-informatique71.fr\/advocnar_backup\/#\/schema\/person\/28ec283f897fb44e1146415d8015d23e","name":"FBrochot","url":"https:\/\/www.clients.horus-informatique71.fr\/advocnar_backup\/author\/fbrochot\/"}]}},"_links":{"self":[{"href":"https:\/\/www.clients.horus-informatique71.fr\/advocnar_backup\/wp-json\/wp\/v2\/posts\/78783"}],"collection":[{"href":"https:\/\/www.clients.horus-informatique71.fr\/advocnar_backup\/wp-json\/wp\/v2\/posts"}],"about":[{"href":"https:\/\/www.clients.horus-informatique71.fr\/advocnar_backup\/wp-json\/wp\/v2\/types\/post"}],"author":[{"embeddable":true,"href":"https:\/\/www.clients.horus-informatique71.fr\/advocnar_backup\/wp-json\/wp\/v2\/users\/10"}],"replies":[{"embeddable":true,"href":"https:\/\/www.clients.horus-informatique71.fr\/advocnar_backup\/wp-json\/wp\/v2\/comments?post=78783"}],"version-history":[{"count":12,"href":"https:\/\/www.clients.horus-informatique71.fr\/advocnar_backup\/wp-json\/wp\/v2\/posts\/78783\/revisions"}],"predecessor-version":[{"id":78796,"href":"https:\/\/www.clients.horus-informatique71.fr\/advocnar_backup\/wp-json\/wp\/v2\/posts\/78783\/revisions\/78796"}],"wp:featuredmedia":[{"embeddable":true,"href":"https:\/\/www.clients.horus-informatique71.fr\/advocnar_backup\/wp-json\/wp\/v2\/media\/78136"}],"wp:attachment":[{"href":"https:\/\/www.clients.horus-informatique71.fr\/advocnar_backup\/wp-json\/wp\/v2\/media?parent=78783"}],"wp:term":[{"taxonomy":"category","embeddable":true,"href":"https:\/\/www.clients.horus-informatique71.fr\/advocnar_backup\/wp-json\/wp\/v2\/categories?post=78783"},{"taxonomy":"post_tag","embeddable":true,"href":"https:\/\/www.clients.horus-informatique71.fr\/advocnar_backup\/wp-json\/wp\/v2\/tags?post=78783"}],"curies":[{"name":"wp","href":"https:\/\/api.w.org\/{rel}","templated":true}]}}