{"id":78911,"date":"2023-09-01T23:40:08","date_gmt":"2023-09-01T21:40:08","guid":{"rendered":"https:\/\/www.clients.horus-informatique71.fr\/advocnar_backup\/?p=78911"},"modified":"2023-09-09T07:47:34","modified_gmt":"2023-09-09T05:47:34","slug":"forums-des-associations-2023","status":"publish","type":"post","link":"https:\/\/www.clients.horus-informatique71.fr\/advocnar_backup\/2023\/09\/forums-des-associations-2023\/","title":{"rendered":"FORUMS DES ASSOCIATIONS 2023"},"content":{"rendered":"\n<div style=\"height:20px\" aria-hidden=\"true\" class=\"wp-block-spacer\"><\/div>\n\n\n\n<h4 class=\"wp-block-heading has-text-align-left\">Les forums des associations se d\u00e9roulent sur deux week-ends cons\u00e9cutifs, un moment privil\u00e9gi\u00e9 pour nous rencontrer.<\/h4>\n\n\n\n<h4 class=\"wp-block-heading has-text-align-center has-vivid-purple-color has-text-color\">Les nuisances a\u00e9riennes ne sont pas une fatalit\u00e9 !<\/h4>\n\n\n\n<ul>\n<li>\u00c9changeons sur la pollution sonore et la pollution de l&rsquo;air , sur les impacts sanitaires et climatiques li\u00e9s au trafic a\u00e9rien.<\/li>\n\n\n\n<li>Parlons actions, solutions, r\u00e9sultats obtenus !<\/li>\n<\/ul>\n\n\n\n<h5 class=\"wp-block-heading\">L&rsquo;ADVOCNAR sera pr\u00e9sente dans une vingtaine de communes :<\/h5>\n\n\n\n<div style=\"height:20px\" aria-hidden=\"true\" class=\"wp-block-spacer\"><\/div>\n\n\n\n<p><strong>Samedi 2 septembre<\/strong><\/p>\n\n\n\n<figure class=\"wp-block-table\"><table><tbody><tr><td><\/td><td><\/td><td><\/td><\/tr><tr><td>ERMONT<\/td><td>9h &#8211; 17h15<\/td><td>Complexe sportif Gaston Rebuffat<\/td><\/tr><\/tbody><\/table><\/figure>\n\n\n\n<p><strong>Dimanche 3 septembre<\/strong><\/p>\n\n\n\n<figure class=\"wp-block-table\"><table><tbody><tr><td><\/td><td><\/td><td><\/td><\/tr><tr><td>DEUIL-LA-BARRE<\/td><td>10h &#8211; 18h<\/td><td>Stade Jean Bouin<\/td><\/tr><\/tbody><\/table><\/figure>\n\n\n\n<p class=\"has-text-align-center has-vivid-cyan-blue-color has-text-color\"><\/p>\n\n\n\n<p><strong>Samedi 9 septembre<\/strong><\/p>\n\n\n\n<figure class=\"wp-block-table\"><table><tbody><tr><td><\/td><td><\/td><td><\/td><\/tr><tr><td>COURDIMANCHE<br><em>Documentation et informations <\/em><br><em>sur le stand O&rsquo; Watt citoyen<\/em><\/td><td>10h &#8211; 17h<\/td><td>Gymnase Sainte Apolline<\/td><\/tr><tr><td>EAUBONNE<\/td><td>10h &#8211; 18h<\/td><td>Plaine des sports du Luat<\/td><\/tr><tr><td>EZANVILLE<\/td><td>10h &#8211; 18h<\/td><td>Complexe de la Pairie<\/td><\/tr><tr><td>FRANCONVILLE<\/td><td>10h &#8211; 18h<\/td><td>Gymnase Jean-Jacques Mathieu<br>(\u00e0 c\u00f4t\u00e9 de la salle Omnisport)<\/td><\/tr><tr><td>GONESSE<\/td><td>10h &#8211; 18h<\/td><td>Salle Jacques Brel<\/td><\/tr><tr><td>GROSLAY<\/td><td>10h &#8211; 18h<\/td><td>Salle J. Pichry<br>All\u00e9e de la Pommeraie<\/td><\/tr><tr><td>HERBLAY-SUR-SEINE<\/td><td>10h &#8211; 17h<\/td><td>Gymnase des Fontaines<br>1 rue Alexandre Dumas<\/td><\/tr><tr><td>LA FRETTE-SUR-SEINE<br><em>Documentation et informations <\/em><br><em>sur le stand<\/em> <em>La Frette Village<\/em><\/td><td>10h &#8211; 18h<\/td><td>Salle Albert Marquet<\/td><\/tr><tr><td>LE PLESSIS-BOUCHARD<br><em>Stand sans animateur<\/em><br><em>Documentation \u00e0 disposition<\/em><\/td><td>10h &#8211; 18h<\/td><td>Centre culturel Jacques Templier<br>5 rue Pierre Brossolette<\/td><\/tr><tr><td>MARGENCY<\/td><td>10h &#8211; 18h<\/td><td>Parc de la Mairie<\/td><\/tr><tr><td>MONTIGNY-LES-CORMEILLES<\/td><td>13h &#8211; 18h<\/td><td>Espace L\u00e9onard-de-Vinci<\/td><\/tr><tr><td>MONTMORENCY<\/td><td>10h &#8211; 17h<\/td><td>Parc des sports Nelson Mandela<\/td><\/tr><tr><td>SAINT-GRATIEN<\/td><td>10h &#8211; 18h<\/td><td>Place Fran\u00e7ois Truffaut<\/td><\/tr><tr><td>SAINT-LEU-LA-FOR\u00caT<\/td><td>10h &#8211; 18h<\/td><td>Gymnase Jean Moulin<\/td><\/tr><tr><td>SAINT-PRIX<\/td><td>9h &#8211; 17h<\/td><td>Complexe sportif Christian Dufresne<\/td><\/tr><tr><td>TAVERNY<\/td><td>10h &#8211; 18h<\/td><td>Terrain de rugby, voie des Sports<\/td><\/tr><\/tbody><\/table><\/figure>\n\n\n\n<p><strong>Dimanche 10 septembre<\/strong><\/p>\n\n\n\n<figure class=\"wp-block-table\"><table><tbody><tr><td><\/td><td><\/td><td><\/td><\/tr><tr><td>ENGHIEN<\/td><td>10h &#8211; 18h<\/td><td>Espace Coeur de Ville<br>Rue du G\u00e9n\u00e9ral de Gaulle<\/td><\/tr><tr><td>SAINT-BRICE-SOUS-FOR\u00caT<\/td><td>10h &#8211; 18h<\/td><td>Centre culturel et sportif Lionel Terray<\/td><\/tr><tr><td>SOISY-SOUS-MONTMORENCY<\/td><td>10h &#8211; 18h<\/td><td>Gymnase Schweitzer<\/td><\/tr><\/tbody><\/table><\/figure>\n","protected":false},"excerpt":{"rendered":"<p>Les forums des associations se d\u00e9roulent sur deux week-ends cons\u00e9cutifs, un moment privil\u00e9gi\u00e9 pour nous rencontrer. Les nuisances a\u00e9riennes ne sont pas une fatalit\u00e9 ! L&rsquo;ADVOCNAR sera pr\u00e9sente dans une vingtaine de communes : Samedi 2 septembre ERMONT 9h &#8211; 17h15 Complexe sportif Gaston Rebuffat Dimanche 3 septembre DEUIL-LA-BARRE 10h &#8211; 18h Stade Jean Bouin [&hellip;]<\/p>\n","protected":false},"author":10,"featured_media":78910,"comment_status":"closed","ping_status":"open","sticky":false,"template":"","format":"standard","meta":{"footnotes":""},"categories":[46],"tags":[],"yoast_head":"<!-- This site is optimized with the Yoast SEO plugin v22.0 - https:\/\/yoast.com\/wordpress\/plugins\/seo\/ -->\n<title>FORUMS DES ASSOCIATIONS 2023 - Advocnar<\/title>\n<meta name=\"robots\" content=\"index, follow, max-snippet:-1, max-image-preview:large, max-video-preview:-1\" \/>\n<link rel=\"canonical\" href=\"https:\/\/www.clients.horus-informatique71.fr\/advocnar_backup\/2023\/09\/forums-des-associations-2023\/\" \/>\n<meta property=\"og:locale\" content=\"fr_FR\" \/>\n<meta property=\"og:type\" content=\"article\" \/>\n<meta property=\"og:title\" content=\"FORUMS DES ASSOCIATIONS 2023 - Advocnar\" \/>\n<meta property=\"og:description\" content=\"Les forums des associations se d\u00e9roulent sur deux week-ends cons\u00e9cutifs, un moment privil\u00e9gi\u00e9 pour nous rencontrer. Les nuisances a\u00e9riennes ne sont pas une fatalit\u00e9 ! L&rsquo;ADVOCNAR sera pr\u00e9sente dans une vingtaine de communes : Samedi 2 septembre ERMONT 9h &#8211; 17h15 Complexe sportif Gaston Rebuffat Dimanche 3 septembre DEUIL-LA-BARRE 10h &#8211; 18h Stade Jean Bouin [&hellip;]\" \/>\n<meta property=\"og:url\" content=\"https:\/\/www.clients.horus-informatique71.fr\/advocnar_backup\/2023\/09\/forums-des-associations-2023\/\" \/>\n<meta property=\"og:site_name\" content=\"Advocnar\" \/>\n<meta property=\"article:published_time\" content=\"2023-09-01T21:40:08+00:00\" \/>\n<meta property=\"article:modified_time\" content=\"2023-09-09T05:47:34+00:00\" \/>\n<meta property=\"og:image\" content=\"https:\/\/www.clients.horus-informatique71.fr\/advocnar_backup\/wp-content\/uploads\/2023\/09\/Forums-2023.jpg\" \/>\n\t<meta property=\"og:image:width\" content=\"772\" \/>\n\t<meta property=\"og:image:height\" content=\"579\" \/>\n\t<meta property=\"og:image:type\" content=\"image\/jpeg\" \/>\n<meta name=\"author\" content=\"FBrochot\" \/>\n<meta name=\"twitter:card\" content=\"summary_large_image\" \/>\n<meta name=\"twitter:label1\" content=\"\u00c9crit par\" \/>\n\t<meta name=\"twitter:data1\" content=\"FBrochot\" \/>\n\t<meta name=\"twitter:label2\" content=\"Dur\u00e9e de lecture estim\u00e9e\" \/>\n\t<meta name=\"twitter:data2\" content=\"2 minutes\" \/>\n<script type=\"application\/ld+json\" class=\"yoast-schema-graph\">{\"@context\":\"https:\/\/schema.org\",\"@graph\":[{\"@type\":\"WebPage\",\"@id\":\"https:\/\/www.clients.horus-informatique71.fr\/advocnar_backup\/2023\/09\/forums-des-associations-2023\/\",\"url\":\"https:\/\/www.clients.horus-informatique71.fr\/advocnar_backup\/2023\/09\/forums-des-associations-2023\/\",\"name\":\"FORUMS DES ASSOCIATIONS 2023 - Advocnar\",\"isPartOf\":{\"@id\":\"https:\/\/www.clients.horus-informatique71.fr\/advocnar_backup\/#website\"},\"datePublished\":\"2023-09-01T21:40:08+00:00\",\"dateModified\":\"2023-09-09T05:47:34+00:00\",\"author\":{\"@id\":\"https:\/\/www.clients.horus-informatique71.fr\/advocnar_backup\/#\/schema\/person\/28ec283f897fb44e1146415d8015d23e\"},\"breadcrumb\":{\"@id\":\"https:\/\/www.clients.horus-informatique71.fr\/advocnar_backup\/2023\/09\/forums-des-associations-2023\/#breadcrumb\"},\"inLanguage\":\"fr-FR\",\"potentialAction\":[{\"@type\":\"ReadAction\",\"target\":[\"https:\/\/www.clients.horus-informatique71.fr\/advocnar_backup\/2023\/09\/forums-des-associations-2023\/\"]}]},{\"@type\":\"BreadcrumbList\",\"@id\":\"https:\/\/www.clients.horus-informatique71.fr\/advocnar_backup\/2023\/09\/forums-des-associations-2023\/#breadcrumb\",\"itemListElement\":[{\"@type\":\"ListItem\",\"position\":1,\"name\":\"Accueil\",\"item\":\"https:\/\/www.clients.horus-informatique71.fr\/advocnar_backup\/\"},{\"@type\":\"ListItem\",\"position\":2,\"name\":\"FORUMS DES ASSOCIATIONS 2023\"}]},{\"@type\":\"WebSite\",\"@id\":\"https:\/\/www.clients.horus-informatique71.fr\/advocnar_backup\/#website\",\"url\":\"https:\/\/www.clients.horus-informatique71.fr\/advocnar_backup\/\",\"name\":\"Advocnar\",\"description\":\"Association de D\u00e9fense Contre les Nuisances A\u00e9riennes\",\"potentialAction\":[{\"@type\":\"SearchAction\",\"target\":{\"@type\":\"EntryPoint\",\"urlTemplate\":\"https:\/\/www.clients.horus-informatique71.fr\/advocnar_backup\/?s={search_term_string}\"},\"query-input\":\"required name=search_term_string\"}],\"inLanguage\":\"fr-FR\"},{\"@type\":\"Person\",\"@id\":\"https:\/\/www.clients.horus-informatique71.fr\/advocnar_backup\/#\/schema\/person\/28ec283f897fb44e1146415d8015d23e\",\"name\":\"FBrochot\",\"url\":\"https:\/\/www.clients.horus-informatique71.fr\/advocnar_backup\/author\/fbrochot\/\"}]}<\/script>\n<!-- \/ Yoast SEO plugin. -->","yoast_head_json":{"title":"FORUMS DES ASSOCIATIONS 2023 - Advocnar","robots":{"index":"index","follow":"follow","max-snippet":"max-snippet:-1","max-image-preview":"max-image-preview:large","max-video-preview":"max-video-preview:-1"},"canonical":"https:\/\/www.clients.horus-informatique71.fr\/advocnar_backup\/2023\/09\/forums-des-associations-2023\/","og_locale":"fr_FR","og_type":"article","og_title":"FORUMS DES ASSOCIATIONS 2023 - Advocnar","og_description":"Les forums des associations se d\u00e9roulent sur deux week-ends cons\u00e9cutifs, un moment privil\u00e9gi\u00e9 pour nous rencontrer. Les nuisances a\u00e9riennes ne sont pas une fatalit\u00e9 ! L&rsquo;ADVOCNAR sera pr\u00e9sente dans une vingtaine de communes : Samedi 2 septembre ERMONT 9h &#8211; 17h15 Complexe sportif Gaston Rebuffat Dimanche 3 septembre DEUIL-LA-BARRE 10h &#8211; 18h Stade Jean Bouin [&hellip;]","og_url":"https:\/\/www.clients.horus-informatique71.fr\/advocnar_backup\/2023\/09\/forums-des-associations-2023\/","og_site_name":"Advocnar","article_published_time":"2023-09-01T21:40:08+00:00","article_modified_time":"2023-09-09T05:47:34+00:00","og_image":[{"width":772,"height":579,"url":"https:\/\/www.clients.horus-informatique71.fr\/advocnar_backup\/wp-content\/uploads\/2023\/09\/Forums-2023.jpg","type":"image\/jpeg"}],"author":"FBrochot","twitter_card":"summary_large_image","twitter_misc":{"\u00c9crit par":"FBrochot","Dur\u00e9e de lecture estim\u00e9e":"2 minutes"},"schema":{"@context":"https:\/\/schema.org","@graph":[{"@type":"WebPage","@id":"https:\/\/www.clients.horus-informatique71.fr\/advocnar_backup\/2023\/09\/forums-des-associations-2023\/","url":"https:\/\/www.clients.horus-informatique71.fr\/advocnar_backup\/2023\/09\/forums-des-associations-2023\/","name":"FORUMS DES ASSOCIATIONS 2023 - Advocnar","isPartOf":{"@id":"https:\/\/www.clients.horus-informatique71.fr\/advocnar_backup\/#website"},"datePublished":"2023-09-01T21:40:08+00:00","dateModified":"2023-09-09T05:47:34+00:00","author":{"@id":"https:\/\/www.clients.horus-informatique71.fr\/advocnar_backup\/#\/schema\/person\/28ec283f897fb44e1146415d8015d23e"},"breadcrumb":{"@id":"https:\/\/www.clients.horus-informatique71.fr\/advocnar_backup\/2023\/09\/forums-des-associations-2023\/#breadcrumb"},"inLanguage":"fr-FR","potentialAction":[{"@type":"ReadAction","target":["https:\/\/www.clients.horus-informatique71.fr\/advocnar_backup\/2023\/09\/forums-des-associations-2023\/"]}]},{"@type":"BreadcrumbList","@id":"https:\/\/www.clients.horus-informatique71.fr\/advocnar_backup\/2023\/09\/forums-des-associations-2023\/#breadcrumb","itemListElement":[{"@type":"ListItem","position":1,"name":"Accueil","item":"https:\/\/www.clients.horus-informatique71.fr\/advocnar_backup\/"},{"@type":"ListItem","position":2,"name":"FORUMS DES ASSOCIATIONS 2023"}]},{"@type":"WebSite","@id":"https:\/\/www.clients.horus-informatique71.fr\/advocnar_backup\/#website","url":"https:\/\/www.clients.horus-informatique71.fr\/advocnar_backup\/","name":"Advocnar","description":"Association de D\u00e9fense Contre les Nuisances A\u00e9riennes","potentialAction":[{"@type":"SearchAction","target":{"@type":"EntryPoint","urlTemplate":"https:\/\/www.clients.horus-informatique71.fr\/advocnar_backup\/?s={search_term_string}"},"query-input":"required name=search_term_string"}],"inLanguage":"fr-FR"},{"@type":"Person","@id":"https:\/\/www.clients.horus-informatique71.fr\/advocnar_backup\/#\/schema\/person\/28ec283f897fb44e1146415d8015d23e","name":"FBrochot","url":"https:\/\/www.clients.horus-informatique71.fr\/advocnar_backup\/author\/fbrochot\/"}]}},"_links":{"self":[{"href":"https:\/\/www.clients.horus-informatique71.fr\/advocnar_backup\/wp-json\/wp\/v2\/posts\/78911"}],"collection":[{"href":"https:\/\/www.clients.horus-informatique71.fr\/advocnar_backup\/wp-json\/wp\/v2\/posts"}],"about":[{"href":"https:\/\/www.clients.horus-informatique71.fr\/advocnar_backup\/wp-json\/wp\/v2\/types\/post"}],"author":[{"embeddable":true,"href":"https:\/\/www.clients.horus-informatique71.fr\/advocnar_backup\/wp-json\/wp\/v2\/users\/10"}],"replies":[{"embeddable":true,"href":"https:\/\/www.clients.horus-informatique71.fr\/advocnar_backup\/wp-json\/wp\/v2\/comments?post=78911"}],"version-history":[{"count":25,"href":"https:\/\/www.clients.horus-informatique71.fr\/advocnar_backup\/wp-json\/wp\/v2\/posts\/78911\/revisions"}],"predecessor-version":[{"id":78943,"href":"https:\/\/www.clients.horus-informatique71.fr\/advocnar_backup\/wp-json\/wp\/v2\/posts\/78911\/revisions\/78943"}],"wp:featuredmedia":[{"embeddable":true,"href":"https:\/\/www.clients.horus-informatique71.fr\/advocnar_backup\/wp-json\/wp\/v2\/media\/78910"}],"wp:attachment":[{"href":"https:\/\/www.clients.horus-informatique71.fr\/advocnar_backup\/wp-json\/wp\/v2\/media?parent=78911"}],"wp:term":[{"taxonomy":"category","embeddable":true,"href":"https:\/\/www.clients.horus-informatique71.fr\/advocnar_backup\/wp-json\/wp\/v2\/categories?post=78911"},{"taxonomy":"post_tag","embeddable":true,"href":"https:\/\/www.clients.horus-informatique71.fr\/advocnar_backup\/wp-json\/wp\/v2\/tags?post=78911"}],"curies":[{"name":"wp","href":"https:\/\/api.w.org\/{rel}","templated":true}]}}